{"id":18470,"date":"2026-04-24T15:42:30","date_gmt":"2026-04-24T18:42:30","guid":{"rendered":"https:\/\/radiobanda1.com.br\/portal\/?p=18470"},"modified":"2026-04-24T15:42:30","modified_gmt":"2026-04-24T18:42:30","slug":"medico-diz-que-lula-retirou-lesao-e-deve-repousar-nos-proximos-dias","status":"publish","type":"post","link":"https:\/\/radiobanda1.com.br\/portal\/?p=18470","title":{"rendered":"M\u00e9dico diz que Lula retirou les\u00e3o e deve repousar nos pr\u00f3ximos dias"},"content":{"rendered":"<p>O presidente Lula passou por um procedimento cir\u00fargico na manh\u00e3 desta sexta-feira (24), em S\u00e3o Paulo, para retirada de uma les\u00e3o do couro cabeludo. Segundo o m\u00e9dico Ricardo Kalil, que acompanha Lula, correu tudo bem, sem nenhuma intercorr\u00eancia: \u201cele dever\u00e1 permanecer mais algumas horas no hospital e deve ir para casa hoje\u201d, disse o doutor.<\/p>\n<p>O procedimento foi feito pela m\u00e9dica Cristina Abdala e houve a retirada de pele na regi\u00e3o da cabe\u00e7a. \u201cFoi uma les\u00e3o de pele. \u00c9 muito comum, \u00e9 a mais comum que tem no mundo\u201d, conta Kalil.<\/p>\n<p>O nome da les\u00e3o \u00e9 basocelular, \u00e9 localizada e n\u00e3o se espalha para outros lugares do corpo. \u201c\u00c9 uma les\u00e3o de pele que vem da exposi\u00e7\u00e3o solar. \u00c9 muito comum e quando ela cresce, a gente tem que tirar\u201d, explicou a doutora Abdala. O tecido passou por bi\u00f3psia.<\/p>\n<p>O presidente tamb\u00e9m fez uma infiltra\u00e7\u00e3o na m\u00e3o direita para tratar uma tendinite.<\/p>\n<p>Segundo Kalil, agora o presidente vai para casa e deve ficar em repouso nos pr\u00f3ximos dias, mas isso n\u00e3o afetar\u00e1 a agenda de Lula.<\/p>\n<p>\u201cVamos evitar grandes eventos nos pr\u00f3ximos dias. Lula n\u00e3o vai tomar medicamento. Ficou uma ferida cir\u00fargica e \u00e9 esperar cicatrizar, o que deve demorar um m\u00eas. O cuidado agora \u00e9 curativo, usar chap\u00e9u e tocar a vida normal dele\u201d, afirmou o m\u00e9dico.<\/p>\n<p>O doutor disse tamb\u00e9m que o tratamento n\u00e3o vai interferir na campanha presidencial: &#8220;vai atrapalhar a campanha? A resposta \u00e9 n\u00e3o. O m\u00e1ximo que vai acontecer \u00e9 ele aparecer de chap\u00e9u, como aconteceu outras vezes&#8221;.<\/p>\n<p>O presidente chegou ao hospital por volta das 7h da manh\u00e3 e a mini-cirurgia estava programada, n\u00e3o foi emergencial. Lula esteve acompanhado da primeira-dama Janja da Silva.<\/p>\n<p> Fonte:portalcantu.com.br<\/p>\n","protected":false},"excerpt":{"rendered":"<p>O presidente Lula passou por um procedimento cir\u00fargico na manh\u00e3 desta sexta-feira (24), em S\u00e3o Paulo, para retirada de uma les\u00e3o do couro cabeludo. Segundo o m\u00e9dico Ricardo Kalil, que acompanha Lula, correu tudo bem, sem nenhuma intercorr\u00eancia: \u201cele dever\u00e1 permanecer mais algumas horas no [&hellip;]<\/p>\n","protected":false},"author":4,"featured_media":18471,"comment_status":"open","ping_status":"open","sticky":false,"template":"","format":"standard","meta":[],"categories":[582],"tags":[664],"_links":{"self":[{"href":"https:\/\/radiobanda1.com.br\/portal\/index.php?rest_route=\/wp\/v2\/posts\/18470"}],"collection":[{"href":"https:\/\/radiobanda1.com.br\/portal\/index.php?rest_route=\/wp\/v2\/posts"}],"about":[{"href":"https:\/\/radiobanda1.com.br\/portal\/index.php?rest_route=\/wp\/v2\/types\/post"}],"author":[{"embeddable":true,"href":"https:\/\/radiobanda1.com.br\/portal\/index.php?rest_route=\/wp\/v2\/users\/4"}],"replies":[{"embeddable":true,"href":"https:\/\/radiobanda1.com.br\/portal\/index.php?rest_route=%2Fwp%2Fv2%2Fcomments&post=18470"}],"version-history":[{"count":1,"href":"https:\/\/radiobanda1.com.br\/portal\/index.php?rest_route=\/wp\/v2\/posts\/18470\/revisions"}],"predecessor-version":[{"id":18472,"href":"https:\/\/radiobanda1.com.br\/portal\/index.php?rest_route=\/wp\/v2\/posts\/18470\/revisions\/18472"}],"wp:featuredmedia":[{"embeddable":true,"href":"https:\/\/radiobanda1.com.br\/portal\/index.php?rest_route=\/wp\/v2\/media\/18471"}],"wp:attachment":[{"href":"https:\/\/radiobanda1.com.br\/portal\/index.php?rest_route=%2Fwp%2Fv2%2Fmedia&parent=18470"}],"wp:term":[{"taxonomy":"category","embeddable":true,"href":"https:\/\/radiobanda1.com.br\/portal\/index.php?rest_route=%2Fwp%2Fv2%2Fcategories&post=18470"},{"taxonomy":"post_tag","embeddable":true,"href":"https:\/\/radiobanda1.com.br\/portal\/index.php?rest_route=%2Fwp%2Fv2%2Ftags&post=18470"}],"curies":[{"name":"wp","href":"https:\/\/api.w.org\/{rel}","templated":true}]}}