{"id":18467,"date":"2026-04-24T15:41:01","date_gmt":"2026-04-24T18:41:01","guid":{"rendered":"https:\/\/radiobanda1.com.br\/portal\/?p=18467"},"modified":"2026-04-24T15:41:01","modified_gmt":"2026-04-24T18:41:01","slug":"mec-prorroga-prazo-para-pedir-isencao-da-taxa-de-inscricao-do-enem","status":"publish","type":"post","link":"https:\/\/radiobanda1.com.br\/portal\/?p=18467","title":{"rendered":"MEC prorroga prazo para pedir isen\u00e7\u00e3o da taxa de inscri\u00e7\u00e3o do Enem"},"content":{"rendered":"<p>O Minist\u00e9rio da Educa\u00e7\u00e3o (MEC) e o Instituto Nacional de Estudos e Pesquisas Educacionais An\u00edsio Teixeira (Inep) prorrogaram o prazo para o pedido de isen\u00e7\u00e3o de pagamento da taxa de inscri\u00e7\u00e3o do Exame Nacional do Ensino M\u00e9dio (Enem) de 2026. Inicialmente, os estudantes interessados deveriam solicitar o benef\u00edcio at\u00e9 esta sexta-feira (24), mas agora o prazo segue aberto at\u00e9 o dia 30 deste m\u00eas. <\/p>\n<p>A solicita\u00e7\u00e3o deve ser feita na P\u00e1gina do Participante do Enem, por meio do login \u00fanico da plataforma de servi\u00e7os digitais do governo federal, o Gov.br. <\/p>\n<p>A gratuidade na taxa de inscri\u00e7\u00e3o do Enem \u00e9 prevista nos seguintes casos: <\/p>\n<p>matriculados no 3\u00ba ano do ensino m\u00e9dio em escola p\u00fablica, em 2026;<br \/>\nestudantes de todo o ensino m\u00e9dio em escola p\u00fablica ou bolsistas integrais em escola privada e que tenham renda igual ou inferior a um sal\u00e1rio m\u00ednimo e meio;<br \/>\npessoas de baixa renda com registro ativo no Cadastro \u00danico para Programas Sociais do governo federal (Cad\u00danico);<br \/>\nbenefici\u00e1rios do programa P\u00e9-de-Meia, do Minist\u00e9rio da Educa\u00e7\u00e3o (MEC);<br \/>\nA isen\u00e7\u00e3o n\u00e3o \u00e9 autom\u00e1tica, portanto os candidatos que se encaixam em um desses requisitos devem solicitar a dispensa do pagamento. <\/p>\n<p>Aus\u00eancia em 2025 <\/p>\n<p>O participante que obteve a isen\u00e7\u00e3o do pagamento da taxa no Enem de 2025, mas n\u00e3o compareceu \u00e0s provas nos dois dias de aplica\u00e7\u00e3o, deve justificar a aus\u00eancia caso queira solicitar o benef\u00edcio novamente em 2026.  <\/p>\n<p>Entre os documentos previstos no edital para justificar a falta, est\u00e3o o boletim de ocorr\u00eancia policial para casos de assaltos ou acidente de tr\u00e2nsito; atestado m\u00e9dico; certid\u00e3o de \u00f3bito de familiares, dentre outros. Confira as especifica\u00e7\u00f5es para o envio no edital.  <\/p>\n<p>A justificativa da aus\u00eancia no Enem 2025 tamb\u00e9m deve ser feita pela P\u00e1gina do Participante. <\/p>\n<p>Resultado<br \/>\nOs resultados das solicita\u00e7\u00f5es de isen\u00e7\u00e3o da taxa de inscri\u00e7\u00e3o ser\u00e3o divulgados pelo Inep em 8 de maio. <\/p>\n<p>Os solicitantes com pedidos de isen\u00e7\u00e3o negados poder\u00e3o entrar com recurso administrativo entre 11 a 15 de maio. Os resultados definitivos dos recursos ser\u00e3o conhecidos em 22 de maio. <\/p>\n<p>Ainda n\u00e3o foi divulgado o in\u00edcio do per\u00edodo de inscri\u00e7\u00e3o para as provas. <\/p>\n<p>O Enem<br \/>\nO Enem \u00e9 a principal prova para entrada no ensino superior brasileiro, por meio de iniciativas como o Sistema de Sele\u00e7\u00e3o Unificada (Sisu); o Programa Universidade para Todos (Prouni) e o Fundo de Financiamento Estudantil (Fies). <\/p>\n<p>Desde a edi\u00e7\u00e3o de 2025, o Enem voltou a certificar a conclus\u00e3o do ensino m\u00e9dio para os candidatos que t\u00eam 18 anos completos e alcan\u00e7am a pontua\u00e7\u00e3o m\u00ednima em cada \u00e1rea do conhecimento das provas e na reda\u00e7\u00e3o. <\/p>\n<p> Fonte:portalcantu.com.br<\/p>\n","protected":false},"excerpt":{"rendered":"<p>O Minist\u00e9rio da Educa\u00e7\u00e3o (MEC) e o Instituto Nacional de Estudos e Pesquisas Educacionais An\u00edsio Teixeira (Inep) prorrogaram o prazo para o pedido de isen\u00e7\u00e3o de pagamento da taxa de inscri\u00e7\u00e3o do Exame Nacional do Ensino M\u00e9dio (Enem) de 2026. Inicialmente, os estudantes interessados deveriam [&hellip;]<\/p>\n","protected":false},"author":4,"featured_media":18468,"comment_status":"open","ping_status":"open","sticky":false,"template":"","format":"standard","meta":[],"categories":[582],"tags":[664],"_links":{"self":[{"href":"https:\/\/radiobanda1.com.br\/portal\/index.php?rest_route=\/wp\/v2\/posts\/18467"}],"collection":[{"href":"https:\/\/radiobanda1.com.br\/portal\/index.php?rest_route=\/wp\/v2\/posts"}],"about":[{"href":"https:\/\/radiobanda1.com.br\/portal\/index.php?rest_route=\/wp\/v2\/types\/post"}],"author":[{"embeddable":true,"href":"https:\/\/radiobanda1.com.br\/portal\/index.php?rest_route=\/wp\/v2\/users\/4"}],"replies":[{"embeddable":true,"href":"https:\/\/radiobanda1.com.br\/portal\/index.php?rest_route=%2Fwp%2Fv2%2Fcomments&post=18467"}],"version-history":[{"count":1,"href":"https:\/\/radiobanda1.com.br\/portal\/index.php?rest_route=\/wp\/v2\/posts\/18467\/revisions"}],"predecessor-version":[{"id":18469,"href":"https:\/\/radiobanda1.com.br\/portal\/index.php?rest_route=\/wp\/v2\/posts\/18467\/revisions\/18469"}],"wp:featuredmedia":[{"embeddable":true,"href":"https:\/\/radiobanda1.com.br\/portal\/index.php?rest_route=\/wp\/v2\/media\/18468"}],"wp:attachment":[{"href":"https:\/\/radiobanda1.com.br\/portal\/index.php?rest_route=%2Fwp%2Fv2%2Fmedia&parent=18467"}],"wp:term":[{"taxonomy":"category","embeddable":true,"href":"https:\/\/radiobanda1.com.br\/portal\/index.php?rest_route=%2Fwp%2Fv2%2Fcategories&post=18467"},{"taxonomy":"post_tag","embeddable":true,"href":"https:\/\/radiobanda1.com.br\/portal\/index.php?rest_route=%2Fwp%2Fv2%2Ftags&post=18467"}],"curies":[{"name":"wp","href":"https:\/\/api.w.org\/{rel}","templated":true}]}}