{"id":18461,"date":"2026-04-24T13:22:51","date_gmt":"2026-04-24T16:22:51","guid":{"rendered":"https:\/\/radiobanda1.com.br\/portal\/?p=18461"},"modified":"2026-04-24T13:22:51","modified_gmt":"2026-04-24T16:22:51","slug":"aposentados-e-pensionistas-do-inss-comecam-a-receber-13o-nesta-sexta","status":"publish","type":"post","link":"https:\/\/radiobanda1.com.br\/portal\/?p=18461","title":{"rendered":"Aposentados e pensionistas do INSS come\u00e7am a receber 13\u00ba nesta sexta"},"content":{"rendered":"<p>Cerca de 23,3 milh\u00f5es dos 35,2 milh\u00f5es de aposentados, pensionistas e benefici\u00e1rios de aux\u00edlios do Instituto Nacional do Seguro Social (INSS) come\u00e7am a receber nesta sexta-feira (24) a primeira parcela da antecipa\u00e7\u00e3o do d\u00e9cimo terceiro.<\/p>\n<p>Com a previs\u00e3o de injetar R$ 78,2 bilh\u00f5es na economia, o pagamento come\u00e7a para quem ganha um sal\u00e1rio m\u00ednimo. Os 11,9 milh\u00f5es restantes, que ganham al\u00e9m do m\u00ednimo, come\u00e7am a receber a antecipa\u00e7\u00e3o do d\u00e9cimo terceiro em 2 de maio.<\/p>\n<p>O benef\u00edcio extra ser\u00e1 pago em duas parcelas. A primeira ser\u00e1 paga nesta sexta at\u00e9 8 de maio. A segunda vai de 25 de maio a 8 de junho. As datas s\u00e3o definidas com base no d\u00edgito final do N\u00famero de Inscri\u00e7\u00e3o Social (NIS) e com base na renda do benefici\u00e1rio. Quem ganha apenas o sal\u00e1rio m\u00ednimo come\u00e7a a receber antes de quem recebe mais que o m\u00ednimo.<\/p>\n<p>O decreto com a antecipa\u00e7\u00e3o do d\u00e9cimo terceiro do INSS foi assinado no fim de mar\u00e7o pelo presidente Luiz In\u00e1cio Lula da Silva. Este ser\u00e1 o s\u00e9timos ano seguido em que os segurados do INSS receber\u00e3o do d\u00e9cimo terceiro antes das datas tradicionais, em agosto e em dezembro. Em 2020 e 2021, o pagamento ocorreu mais cedo por causa da pandemia de covid-19. Em 2022 e 2023, as parcelas foram pagas em maio e junho. Em 2024 e 2025, em abril e maio.  <\/p>\n<p>A consulta pode ser feita no aplicativo Meu INSS, dispon\u00edvel para celulares e tablets, ou no site gov.br\/meuinss. Quem n\u00e3o tiver acesso \u00e0 internet pode consultar a libera\u00e7\u00e3o do d\u00e9cimo terceiro pelo telefone 135. Nesse caso, \u00e9 necess\u00e1rio informar o n\u00famero do Cadastro de Pessoas F\u00edsicas (CPF) e confirmar alguns dados ao atendente antes de fazer a consulta. O atendimento telef\u00f4nico est\u00e1 dispon\u00edvel de segunda a s\u00e1bado, das 7h \u00e0s 22h.<\/p>\n<p>Fonte:portalcantu.com.br<\/p>\n","protected":false},"excerpt":{"rendered":"<p>Cerca de 23,3 milh\u00f5es dos 35,2 milh\u00f5es de aposentados, pensionistas e benefici\u00e1rios de aux\u00edlios do Instituto Nacional do Seguro Social (INSS) come\u00e7am a receber nesta sexta-feira (24) a primeira parcela da antecipa\u00e7\u00e3o do d\u00e9cimo terceiro. Com a previs\u00e3o de injetar R$ 78,2 bilh\u00f5es na economia, [&hellip;]<\/p>\n","protected":false},"author":4,"featured_media":18462,"comment_status":"open","ping_status":"open","sticky":false,"template":"","format":"standard","meta":[],"categories":[582],"tags":[1026],"_links":{"self":[{"href":"https:\/\/radiobanda1.com.br\/portal\/index.php?rest_route=\/wp\/v2\/posts\/18461"}],"collection":[{"href":"https:\/\/radiobanda1.com.br\/portal\/index.php?rest_route=\/wp\/v2\/posts"}],"about":[{"href":"https:\/\/radiobanda1.com.br\/portal\/index.php?rest_route=\/wp\/v2\/types\/post"}],"author":[{"embeddable":true,"href":"https:\/\/radiobanda1.com.br\/portal\/index.php?rest_route=\/wp\/v2\/users\/4"}],"replies":[{"embeddable":true,"href":"https:\/\/radiobanda1.com.br\/portal\/index.php?rest_route=%2Fwp%2Fv2%2Fcomments&post=18461"}],"version-history":[{"count":1,"href":"https:\/\/radiobanda1.com.br\/portal\/index.php?rest_route=\/wp\/v2\/posts\/18461\/revisions"}],"predecessor-version":[{"id":18463,"href":"https:\/\/radiobanda1.com.br\/portal\/index.php?rest_route=\/wp\/v2\/posts\/18461\/revisions\/18463"}],"wp:featuredmedia":[{"embeddable":true,"href":"https:\/\/radiobanda1.com.br\/portal\/index.php?rest_route=\/wp\/v2\/media\/18462"}],"wp:attachment":[{"href":"https:\/\/radiobanda1.com.br\/portal\/index.php?rest_route=%2Fwp%2Fv2%2Fmedia&parent=18461"}],"wp:term":[{"taxonomy":"category","embeddable":true,"href":"https:\/\/radiobanda1.com.br\/portal\/index.php?rest_route=%2Fwp%2Fv2%2Fcategories&post=18461"},{"taxonomy":"post_tag","embeddable":true,"href":"https:\/\/radiobanda1.com.br\/portal\/index.php?rest_route=%2Fwp%2Fv2%2Ftags&post=18461"}],"curies":[{"name":"wp","href":"https:\/\/api.w.org\/{rel}","templated":true}]}}