{"id":18450,"date":"2026-04-22T15:59:52","date_gmt":"2026-04-22T18:59:52","guid":{"rendered":"https:\/\/radiobanda1.com.br\/portal\/?p=18450"},"modified":"2026-04-22T15:59:52","modified_gmt":"2026-04-22T18:59:52","slug":"enem-2026-periodo%e2%80%afpara-pedir%e2%80%afisencao%e2%80%afda%e2%80%aftaxa%e2%80%aftermina-nesta-sexta","status":"publish","type":"post","link":"https:\/\/radiobanda1.com.br\/portal\/?p=18450","title":{"rendered":"Enem 2026: per\u00edodo\u202fpara pedir\u202fisen\u00e7\u00e3o\u202fda\u202ftaxa\u202ftermina nesta sexta"},"content":{"rendered":"<p>O prazo para os interessados solicitarem a isen\u00e7\u00e3o de pagamento da taxa de inscri\u00e7\u00e3o do Exame Nacional do Ensino M\u00e9dio (Enem) de 2026 termina nesta sexta-feira. A data limite tamb\u00e9m se aplica para aqueles candidatos que precisam justificar a aus\u00eancia na edi\u00e7\u00e3o do ano passado para participar gratuitamente desta edi\u00e7\u00e3o.<\/p>\n<p>A solicita\u00e7\u00e3o deve ser feita pela P\u00e1gina do Participante do Enem com o login \u00fanico da plataforma de servi\u00e7os digitais do governo federal, o Gov.br.<\/p>\n<p>O Inep prev\u00ea a gratuidade na inscri\u00e7\u00e3o do exame para os seguintes casos:<\/p>\n<p>\u00b7  matriculados no 3\u00ba ano do ensino m\u00e9dio em escola p\u00fablica, em 2026;<\/p>\n<p>\u00b7  estudantes de todo o ensino m\u00e9dio em escola p\u00fablica ou bolsistas integrais em escola privada e que possuam renda igual ou inferior a um sal\u00e1rio-m\u00ednimo e meio;<\/p>\n<p>\u00b7  pessoas de baixa renda com registro ativo no Cadastro \u00danico para Programas Sociais do governo federal (Cad\u00danico);<\/p>\n<p>\u00b7  benefici\u00e1rios do programa P\u00e9-de-Meia, do Minist\u00e9rio da Educa\u00e7\u00e3o (MEC);<\/p>\n<p>As pessoas que se enquadram nestes perfis devem solicitar a dispensa do pagamento da taxa, pois a isen\u00e7\u00e3o n\u00e3o \u00e9 autom\u00e1tica.<\/p>\n<p>O Inep destaca que o participante que integra uma fam\u00edlia inscrita no Cad\u00danico precisa estar com a situa\u00e7\u00e3o cadastral regular para solicitar a isen\u00e7\u00e3o da inscri\u00e7\u00e3o no Enem. A falta de atualiza\u00e7\u00e3o no Cad\u00danico pode levar ao indeferimento do pedido para fazer as provas de gra\u00e7a.<\/p>\n<p>Aus\u00eancia em 2025<\/p>\n<p>O participante que teve a isen\u00e7\u00e3o de pagamento da taxa de inscri\u00e7\u00e3o do Enem 2025, n\u00e3o compareceu \u00e0s provas nos dois dias de aplica\u00e7\u00e3o em novembro do ano passado e queira solicitar novamente isen\u00e7\u00e3o da taxa de inscri\u00e7\u00e3o em 2026 deve justificar sua aus\u00eancia.<\/p>\n<p>Os documentos de comprova\u00e7\u00e3o devem conter todas as especifica\u00e7\u00f5es do edital e serem leg\u00edveis para an\u00e1lise, sob pena de serem considerados inv\u00e1lidos. Entre eles: boletim de ocorr\u00eancia policial, para casos de assaltos ou acidente de tr\u00e2nsito; certid\u00e3o de casamento ou declara\u00e7\u00e3o de uni\u00e3o est\u00e1vel, se ocorrida nove dias antes do primeiro dia de aplica\u00e7\u00e3o das provas.<\/p>\n<p>O Inep exige documentos somente nos formatos PDF, PNG ou JPG, com o tamanho m\u00e1ximo de 2MB. N\u00e3o ser\u00e3o aceitos documentos autodeclarat\u00f3rios ou emitidos por pais ou respons\u00e1veis dos participantes.<\/p>\n<p>A justificativa da aus\u00eancia no Enem 2025 tamb\u00e9m deve ser feita pela P\u00e1gina do Participante.<\/p>\n<p>Resultado<br \/>\nOs resultados das solicita\u00e7\u00f5es de isen\u00e7\u00e3o da taxa de inscri\u00e7\u00e3o ser\u00e3o divulgados pelo Instituto Nacional de Estudos e Pesquisas Educacionais An\u00edsio Teixeira (Inep) em 8 de maio.<\/p>\n<p>Os solicitantes com pedidos de isen\u00e7\u00e3o negados pela autarquia poder\u00e3o entrar com recurso administrativo entre 11 a 15 de maio. Os resultados definitivos dos recursos ser\u00e3o conhecidos em 22 de maio.<\/p>\n<p>As regras e prazos do Enem 2026 relativos aos pedidos de isen\u00e7\u00e3o da taxa de inscri\u00e7\u00e3o est\u00e3o descritos em edital publicado pelo Inep no dia 1\u00ba de abril.<\/p>\n<p>J\u00e1 o per\u00edodo de inscri\u00e7\u00e3o para as provas ainda ser\u00e1 definido e divulgado pelo Minist\u00e9rio da Educa\u00e7\u00e3o. Quem teve a isen\u00e7\u00e3o de pagamento da taxa aprovada tamb\u00e9m precisa fazer a inscri\u00e7\u00e3o para as provas.<\/p>\n<p>O Enem<br \/>\nO Enem \u00e9 a principal prova para entrada no ensino superior brasileiro, por meio de iniciativas como o Sistema de Sele\u00e7\u00e3o Unificada (Sisu); o Programa Universidade para Todos (Prouni) e o Fundo de Financiamento Estudantil (Fies).<\/p>\n<p>Ainda, desde a edi\u00e7\u00e3o de 2025, o Enem voltou a certificar a conclus\u00e3o do ensino m\u00e9dio para os candidatos que t\u00eam 18 anos completos e alcan\u00e7am a pontua\u00e7\u00e3o m\u00ednima em cada \u00e1rea do conhecimento das provas e na reda\u00e7\u00e3o.<\/p>\n<p>Os resultados individuais do Enem tamb\u00e9m podem ser aproveitados em processos seletivos de institui\u00e7\u00f5es de ensino superior de Portugal que t\u00eam conv\u00eanio com o Inep para aceitarem as notas do exame.<\/p>\n<p> Fonte:portalcantu.com.br<\/p>\n","protected":false},"excerpt":{"rendered":"<p>O prazo para os interessados solicitarem a isen\u00e7\u00e3o de pagamento da taxa de inscri\u00e7\u00e3o do Exame Nacional do Ensino M\u00e9dio (Enem) de 2026 termina nesta sexta-feira. A data limite tamb\u00e9m se aplica para aqueles candidatos que precisam justificar a aus\u00eancia na edi\u00e7\u00e3o do ano passado [&hellip;]<\/p>\n","protected":false},"author":4,"featured_media":18451,"comment_status":"open","ping_status":"open","sticky":false,"template":"","format":"standard","meta":[],"categories":[582],"tags":[664],"_links":{"self":[{"href":"https:\/\/radiobanda1.com.br\/portal\/index.php?rest_route=\/wp\/v2\/posts\/18450"}],"collection":[{"href":"https:\/\/radiobanda1.com.br\/portal\/index.php?rest_route=\/wp\/v2\/posts"}],"about":[{"href":"https:\/\/radiobanda1.com.br\/portal\/index.php?rest_route=\/wp\/v2\/types\/post"}],"author":[{"embeddable":true,"href":"https:\/\/radiobanda1.com.br\/portal\/index.php?rest_route=\/wp\/v2\/users\/4"}],"replies":[{"embeddable":true,"href":"https:\/\/radiobanda1.com.br\/portal\/index.php?rest_route=%2Fwp%2Fv2%2Fcomments&post=18450"}],"version-history":[{"count":1,"href":"https:\/\/radiobanda1.com.br\/portal\/index.php?rest_route=\/wp\/v2\/posts\/18450\/revisions"}],"predecessor-version":[{"id":18452,"href":"https:\/\/radiobanda1.com.br\/portal\/index.php?rest_route=\/wp\/v2\/posts\/18450\/revisions\/18452"}],"wp:featuredmedia":[{"embeddable":true,"href":"https:\/\/radiobanda1.com.br\/portal\/index.php?rest_route=\/wp\/v2\/media\/18451"}],"wp:attachment":[{"href":"https:\/\/radiobanda1.com.br\/portal\/index.php?rest_route=%2Fwp%2Fv2%2Fmedia&parent=18450"}],"wp:term":[{"taxonomy":"category","embeddable":true,"href":"https:\/\/radiobanda1.com.br\/portal\/index.php?rest_route=%2Fwp%2Fv2%2Fcategories&post=18450"},{"taxonomy":"post_tag","embeddable":true,"href":"https:\/\/radiobanda1.com.br\/portal\/index.php?rest_route=%2Fwp%2Fv2%2Ftags&post=18450"}],"curies":[{"name":"wp","href":"https:\/\/api.w.org\/{rel}","templated":true}]}}