{"id":18447,"date":"2026-04-22T13:17:23","date_gmt":"2026-04-22T16:17:23","guid":{"rendered":"https:\/\/radiobanda1.com.br\/portal\/?p=18447"},"modified":"2026-04-22T13:17:23","modified_gmt":"2026-04-22T16:17:23","slug":"vinculo-e-integracao-parana-aumenta-em-19-os-atendimentos-em-saude-mental","status":"publish","type":"post","link":"https:\/\/radiobanda1.com.br\/portal\/?p=18447","title":{"rendered":"V\u00ednculo e integra\u00e7\u00e3o: Paran\u00e1 aumenta em 19% os atendimentos em sa\u00fade mental"},"content":{"rendered":"<p>O cuidado com a sa\u00fade mental no Paran\u00e1 tem passado por uma profunda transforma\u00e7\u00e3o nos \u00faltimos anos, consolidando um modelo de atendimento que prioriza a integra\u00e7\u00e3o, a preven\u00e7\u00e3o e o v\u00ednculo com a popula\u00e7\u00e3o.<\/p>\n<p>Por meio da Secretaria de Estado da Sa\u00fade (Sesa), o Governo do Paran\u00e1 estruturou uma robusta Rede de Aten\u00e7\u00e3o Psicossocial (Raps), que garante desde o acolhimento inicial nas Unidades B\u00e1sicas de Sa\u00fade (UBS) at\u00e9 tratamentos especializados e internamentos. Somente em 2025 foram investidos mais de R$ 23 milh\u00f5es diretamente na Linha de Cuidado em Sa\u00fade Mental.<\/p>\n<p>No ano passado, foram realizados 2.551.463 atendimentos, o que representa um crescimento de 19% se comparado ao ano anterior \u2013 2.144.086 registros. Os servi\u00e7os nessa \u00e1rea correspondem \u00e0 aten\u00e7\u00e3o a pessoas com sofrimento ou transtornos mentais, al\u00e9m daquelas com necessidades decorrentes do uso de \u00e1lcool e outras drogas.<\/p>\n<p>Para o secret\u00e1rio estadual da Sa\u00fade, C\u00e9sar Neves, os n\u00fameros consolidam a pol\u00edtica p\u00fablica de descentraliza\u00e7\u00e3o do atendimento e o foco de levar o atendimento mais pr\u00f3ximo do cidad\u00e3o paranaense, objetivo que \u00e9 a marca da atual gest\u00e3o.<\/p>\n<p>&#8220;A sa\u00fade mental \u00e9 uma prioridade absoluta para o Governo do Paran\u00e1. Estamos trabalhando incansavelmente para descentralizar o atendimento, garantindo que cada cidad\u00e3o paranaense, independentemente de onde resida, encontre acolhimento e tratamento adequado na rede p\u00fablica. O nosso objetivo \u00e9 que o SUS seja um porto seguro para quem enfrenta qualquer tipo de sofrimento ps\u00edquico&#8221;, afirmou o secret\u00e1rio.<\/p>\n<p>A rede de atendimento do Estado conta atualmente com 163 Centros de Aten\u00e7\u00e3o Psicossocial (Caps), em diversas modalidades, que funcionam como o eixo do atendimento especializado. Al\u00e9m disso, a estrutura disp\u00f5e de sete unidades do Servi\u00e7o Integrado de Sa\u00fade Mental (SIMPR), 41 equipes Multiprofissionais de Aten\u00e7\u00e3o Especializada em Sa\u00fade Mental (eMAESM), ambulat\u00f3rios distribu\u00eddos por todas as regi\u00f5es de sa\u00fade e Servi\u00e7os Residenciais Terap\u00eauticos (SRT).<\/p>\n<p>Para casos que exigem internamento, o Estado disponibiliza 1.651 leitos em hospitais especializados em psiquiatria e 73 leitos de sa\u00fade mental em hospitais gerais.<\/p>\n<p>CUIDADO TRANSVERSAL \u2013 A transversalidade \u00e9 outro conceito central. O tema foi amplamente debatido durante o evento &#8220;Sa\u00fade em Movimento 2026&#8221;, promovido pela Sesa, e que reuniu especialistas para discutir como o cuidado em sa\u00fade mental permeia a todas as etapas da assist\u00eancia ao cidad\u00e3o, incluindo a sa\u00fade da mulher, oncologia e acompanhamento de doen\u00e7as cr\u00f4nicas.<\/p>\n<p>A diretora de Aten\u00e7\u00e3o e Vigil\u00e2ncia em Sa\u00fade da Sesa e coordenadora do PlanificaSUS Paran\u00e1, Maria Goretti David Lopes, esclarece que a sa\u00fade mental n\u00e3o pode ser uma ilha no sistema de sa\u00fade e deve fazer parte da pr\u00e1tica de todos os profissionais que atuam no cuidado das pessoas.<\/p>\n<p>&#8220;A mente e o corpo est\u00e3o interligados. Precisamos olhar para a pessoa de forma integral, compreendendo que o sofrimento emocional afeta a vida. Nossas equipes est\u00e3o sendo preparadas para ter essa vis\u00e3o ampla e humanizada em cada atendimento realizado&#8221;, destacou a diretora.<\/p>\n<p>ONDE BUSCAR ATENDIMENTO \u2013 Para aqueles que enfrentam problemas de sa\u00fade mental, o Paran\u00e1 oferece m\u00faltiplos pontos de acesso \u00e0 rede de atendimento. As portas de entrada s\u00e3o as Unidades B\u00e1sicas de Sa\u00fade (UBS). Dependendo da complexidade do caso, a pessoa pode ser encaminhada para os Centros de Aten\u00e7\u00e3o Psicossocial (Caps), cl\u00ednicas ambulatoriais especializadas ou equipes multiprofissionais de aten\u00e7\u00e3o especializada.<\/p>\n<p>&#8220;O ponto de entrada no Sistema \u00danico de Sa\u00fade (SUS), incluindo problemas de sa\u00fade mental, \u00e9 sempre a unidade b\u00e1sica de sa\u00fade. Na unidade de aten\u00e7\u00e3o prim\u00e1ria \u00e0 sa\u00fade a pessoa \u00e9 acolhida e atendida pelos profissionais que est\u00e3o l\u00e1&#8221;, explicou a chefe da Divis\u00e3o de Aten\u00e7\u00e3o \u00e0 Sa\u00fade Mental da Sesa, Suelen Gon\u00e7alo.<\/p>\n<p>\u201cDependendo das necessidades do indiv\u00edduo, o tipo de atendimento \u00e9 determinado pelos recursos dispon\u00edveis no munic\u00edpio, podendo haver encaminhamento para o Caps ou ambulat\u00f3rios especializados em casos mais graves\u201d, complementou.<\/p>\n<p>Para situa\u00e7\u00f5es de emerg\u00eancia ou crise, o cidad\u00e3o pode procurar as Unidades de Pronto Atendimento (UPA), acionar o Samu pelo n\u00famero 192 ou procurar diretamente um Caps que funcione 24 horas.<\/p>\n<p>Os agentes comunit\u00e1rios de sa\u00fade tamb\u00e9m desempenham papel fundamental, buscando ativamente as pessoas em seus territ\u00f3rios e facilitando o acesso ao cuidado. Al\u00e9m disso, existem grupos de apoio e atividades coletivas organizadas em cada munic\u00edpio, como caminhadas, grupos terap\u00eauticos e a\u00e7\u00f5es comunit\u00e1rias que contribuem para o cuidado integrado e humanizado.<\/p>\n<p>Apesar dos avan\u00e7os, o estigma ainda \u00e9 uma barreira significativa para a busca por tratamento. \u201cH\u00e1 estigma e preconceito em rela\u00e7\u00e3o aos problemas de sa\u00fade mental. As fam\u00edlias desempenham um papel fundamental nesse processo, devendo estar presentes nos momentos de maior vulnerabilidade e buscar os servi\u00e7os do SUS caso a pessoa em sofrimento n\u00e3o consiga dar o primeiro passo\u201d, refor\u00e7ou Suelen Gon\u00e7alo.<\/p>\n<p>QUALIFICA\u00c7\u00c3O PROFISSIONAL \u2013 Um dos principais pilares dessa transforma\u00e7\u00e3o no atendimento \u00e9 a qualifica\u00e7\u00e3o permanente dos profissionais da sa\u00fade, impulsionada pelo projeto PlanificaSUS Paran\u00e1 &#8211; Sa\u00fade Mental na APS (Aten\u00e7\u00e3o Prim\u00e1ria \u00e0 Sa\u00fade). A iniciativa, que conta com a parceria do Hospital Israelita Albert Einstein e do Conselho Nacional de Secret\u00e1rios de Sa\u00fade (Conass), j\u00e1 capacitou mais de 18 mil trabalhadores da Aten\u00e7\u00e3o Prim\u00e1ria \u00e0 Sa\u00fade, apenas em 2025.<\/p>\n<p>O Paran\u00e1 \u00e9 destaque nacional por ser o primeiro estado a expandir a metodologia do PlanificaSUS para 100% de seu territ\u00f3rio. O objetivo \u00e9 preparar profissionais da sa\u00fade que n\u00e3o s\u00e3o especialistas, como m\u00e9dicos, enfermeiros e agentes comunit\u00e1rios de sa\u00fade para o reconhecimento e manejo de transtornos mentais e uso problem\u00e1tico de \u00e1lcool e outras drogas.<\/p>\n<p>A capacita\u00e7\u00e3o utiliza o Manual de Interven\u00e7\u00f5es mhGAP (MI-mhGAP) da Organiza\u00e7\u00e3o Mundial da Sa\u00fade (OMS), que oferece protocolos cl\u00ednicos para profissionais n\u00e3o especializados.<\/p>\n<p> Fonte:portalcantu.com.br<\/p>\n","protected":false},"excerpt":{"rendered":"<p>O cuidado com a sa\u00fade mental no Paran\u00e1 tem passado por uma profunda transforma\u00e7\u00e3o nos \u00faltimos anos, consolidando um modelo de atendimento que prioriza a integra\u00e7\u00e3o, a preven\u00e7\u00e3o e o v\u00ednculo com a popula\u00e7\u00e3o. Por meio da Secretaria de Estado da Sa\u00fade (Sesa), o Governo [&hellip;]<\/p>\n","protected":false},"author":4,"featured_media":18448,"comment_status":"open","ping_status":"open","sticky":false,"template":"","format":"standard","meta":[],"categories":[582],"tags":[664],"_links":{"self":[{"href":"https:\/\/radiobanda1.com.br\/portal\/index.php?rest_route=\/wp\/v2\/posts\/18447"}],"collection":[{"href":"https:\/\/radiobanda1.com.br\/portal\/index.php?rest_route=\/wp\/v2\/posts"}],"about":[{"href":"https:\/\/radiobanda1.com.br\/portal\/index.php?rest_route=\/wp\/v2\/types\/post"}],"author":[{"embeddable":true,"href":"https:\/\/radiobanda1.com.br\/portal\/index.php?rest_route=\/wp\/v2\/users\/4"}],"replies":[{"embeddable":true,"href":"https:\/\/radiobanda1.com.br\/portal\/index.php?rest_route=%2Fwp%2Fv2%2Fcomments&post=18447"}],"version-history":[{"count":1,"href":"https:\/\/radiobanda1.com.br\/portal\/index.php?rest_route=\/wp\/v2\/posts\/18447\/revisions"}],"predecessor-version":[{"id":18449,"href":"https:\/\/radiobanda1.com.br\/portal\/index.php?rest_route=\/wp\/v2\/posts\/18447\/revisions\/18449"}],"wp:featuredmedia":[{"embeddable":true,"href":"https:\/\/radiobanda1.com.br\/portal\/index.php?rest_route=\/wp\/v2\/media\/18448"}],"wp:attachment":[{"href":"https:\/\/radiobanda1.com.br\/portal\/index.php?rest_route=%2Fwp%2Fv2%2Fmedia&parent=18447"}],"wp:term":[{"taxonomy":"category","embeddable":true,"href":"https:\/\/radiobanda1.com.br\/portal\/index.php?rest_route=%2Fwp%2Fv2%2Fcategories&post=18447"},{"taxonomy":"post_tag","embeddable":true,"href":"https:\/\/radiobanda1.com.br\/portal\/index.php?rest_route=%2Fwp%2Fv2%2Ftags&post=18447"}],"curies":[{"name":"wp","href":"https:\/\/api.w.org\/{rel}","templated":true}]}}