{"id":17944,"date":"2026-02-12T17:02:56","date_gmt":"2026-02-12T19:02:56","guid":{"rendered":"https:\/\/radiobanda1.com.br\/portal\/?p=17944"},"modified":"2026-02-12T17:02:56","modified_gmt":"2026-02-12T19:02:56","slug":"alunos-das-apaes-do-parana-comecam-a-receber-kits-com-materiais-escolares","status":"publish","type":"post","link":"https:\/\/radiobanda1.com.br\/portal\/?p=17944","title":{"rendered":"Alunos das Apaes do Paran\u00e1 come\u00e7am a receber kits com materiais escolares"},"content":{"rendered":"<p>A Secretaria de Estado da Educa\u00e7\u00e3o do Paran\u00e1 (Seed-PR) iniciou nesta quarta-feira (11) a entrega in\u00e9dita de kits escolares para Associa\u00e7\u00f5es de Pais e Amigos dos Excepcionais (Apaes) e coirm\u00e3s. \u00c9 a primeira vez que estudantes das institui\u00e7\u00f5es especializadas recebem os materiais escolares fornecidos pelo Governo do Estado, assim como ocorre nas mais de 2 mil escolas estaduais desde o ano passado.<\/p>\n<p>A entrega dos kits escolares continua durante as pr\u00f3ximas semanas, quando mais de 56 mil alunos das Apaes e coirm\u00e3s receber\u00e3o os materiais. O investimento superior a R$ 3 milh\u00f5es contempla cerca de 400 institui\u00e7\u00f5es, entre Apaes, escolas bil\u00edngues, centros especializados, organiza\u00e7\u00f5es da sociedade civil, institutos, funda\u00e7\u00f5es e projetos de l\u00edngua ind\u00edgena.<\/p>\n<p>\u201cN\u00f3s sabemos o quanto as Apaes e as coirm\u00e3s fazem pela educa\u00e7\u00e3o especial do Paran\u00e1. Nada mais justo do que destinarmos esse material, que entregamos para toda a rede estadual, tamb\u00e9m a essas institui\u00e7\u00f5es, de forma gratuita. Dessa forma, o Governo do Estado consegue aliviar o bolso dos pais nesse come\u00e7o de ano. \u00c9 assim que o Governo do Paran\u00e1 apoia e incentiva a educa\u00e7\u00e3o especial, que \u00e9 refer\u00eancia para o Brasil\u201d, destacou o secret\u00e1rio da Educa\u00e7\u00e3o, Roni Miranda, na entrega dos materiais aos alunos da Funda\u00e7\u00e3o Ecum\u00eanica de Prote\u00e7\u00e3o ao Excepcional, em Curitiba.<\/p>\n<p>A Fepe atende mais de 300 estudantes de diferentes idades, a partir dos 6 anos. Nesta quarta-feira (11), os alunos da institui\u00e7\u00e3o receberam os kits compostos por 32 itens, entre cadernos, canetinhas, l\u00e1pis, apontadores, borrachas, cola, r\u00e9gua e outros. O modelo \u00e9 o mesmo entregue aos alunos dos anos iniciais do Ensino Fundamental da rede estadual de educa\u00e7\u00e3o.<\/p>\n<p>\u201cEu gostei muito de todas as coisas. Tem l\u00e1pis, l\u00e1pis de cor, tem borracha. Nos outros anos n\u00e3o tinha isso, e \u00e9 importante pra gente melhorar, estudar mais, prestar aten\u00e7\u00e3o e fazer novos amigos\u201d, opinou Miguel dos Santos, de 11 anos. \u201cEu gosto de escrever, desenhar e colar as coisas. Eu gostei do l\u00e1pis de cor, do apontador, de todas as coisas\u201d, acrescentou Rafael Maia de Souza, estudante de 30 anos.<\/p>\n<p>Conforme a diretora da Fepe, Din\u00e9ia Urbanek Rusche Jorge, a iniciativa representa, tamb\u00e9m, a valoriza\u00e7\u00e3o do trabalho desenvolvido pelas escolas especializadas do Paran\u00e1.<\/p>\n<p>\u201cA cada ano que passa, a Secretaria da Educa\u00e7\u00e3o tem uma inova\u00e7\u00e3o para nos oferecer, e os kits vieram para acrescentar a todos os repasses que j\u00e1 s\u00e3o dados. Os nossos alunos v\u00eam, em sua maioria, de bairros com pouca infraestrutura e de fam\u00edlias com pouco poder aquisitivo. A alegria deles e das fam\u00edlias em serem reconhecidos, serem valorizados, passa tamb\u00e9m pela valoriza\u00e7\u00e3o da pessoa, pela dignidade, pelo respeito e pelo acesso \u00e0 educa\u00e7\u00e3o\u201d, opinou.<\/p>\n<p>Para Maria Lucia Moreira, presidente da Associa\u00e7\u00e3o de Pais e Professores da Fepe e m\u00e3e da estudante Milena Moreira, a entrega dos kits escolares tamb\u00e9m significa um al\u00edvio nos custos da fam\u00edlia. \u201cN\u00f3s ficamos muito felizes, afinal de contas, o material escolar \u00e9 um aperto no nosso or\u00e7amento do come\u00e7o do ano, e isso veio para ajudar. Os alunos estavam ansiosos para receber e est\u00e3o muito felizes. \u00c9 uma ajuda mais do que merecida para essas institui\u00e7\u00f5es, que fazem um trabalho especial em todos os sentidos\u201d, afirmou.<\/p>\n<p>APAES E COIRM\u00c3S \u2013 Criadas em 1954, as primeiras Apaes surgiram para prestar assist\u00eancia \u00e0s pessoas com defici\u00eancia intelectual ou defici\u00eancia m\u00faltiplas, buscando solu\u00e7\u00f5es para que os filhos tivessem condi\u00e7\u00f5es de inser\u00e7\u00e3o na sociedade. Atualmente, o Paran\u00e1 conta com quase 400 associa\u00e7\u00f5es que atuam nas \u00e1reas de educa\u00e7\u00e3o, sa\u00fade e representatividade na luta por seus direitos de inclus\u00e3o social.<\/p>\n<p>Historicamente, o Governo do Paran\u00e1 apoia as Apaes e coirm\u00e3s com investimentos e suporte financeiro. O conv\u00eanio assinado em agosto de 2023 prev\u00ea a destina\u00e7\u00e3o de R$ 2,1 bilh\u00f5es para Apaes, uma m\u00e9dia de R$ 540 milh\u00f5es a cada 12 meses.<\/p>\n<p>\u201c\u00c9 gratificante ver a uni\u00e3o que existe entre o Governo do Estado e as escolas especializadas. Isso ajuda muito as fam\u00edlias e d\u00e1 dignidade aos nossos alunos. Hoje, tudo aquilo que est\u00e1 indo para a escola estadual tamb\u00e9m come\u00e7a a ir para as escolas especializadas\u201d, destacou o deputado estadual Pedro Paulo Bazana.<\/p>\n<p>Em outra a\u00e7\u00e3o pioneira, o Governo do Estado tem investido na constru\u00e7\u00e3o de escolas de educa\u00e7\u00e3o especial, iniciativa que deve somar 25 unidades entregues e mais de R$ 56 milh\u00f5es investidos. A mais recente inaugura\u00e7\u00e3o ocorreu na \u00faltima sexta-feira (6), em Douradina, no Noroeste, onde a nova sede poder\u00e1 atender os 87 alunos da institui\u00e7\u00e3o com mais conforto e qualidade.<\/p>\n<p>Antes disso, Nova Laranjeiras, no Centro-Sul do Estado, e Flor da Serra do Sul, no Sudoeste, j\u00e1 tiveram as novas sedes das Apaes inauguradas. A pr\u00f3xima unidade entregue ser\u00e1 a de Altamira do Paran\u00e1, na Regi\u00e3o Central.<\/p>\n<p>KITS ESCOLARES \u2013 Assim como ocorreu em 2025, todos os estudantes da rede estadual de ensino receber\u00e3o, gratuitamente, kits escolares com materiais para uso em sala de aula.<\/p>\n<p>Ao todo, mais de 1 milh\u00e3o kits ser\u00e3o disponibilizados aos estudantes, contemplando turmas de anos iniciais do Ensino Fundamental (60.962 kits), anos finais do Ensino Fundamental (550.343 kits) e Ensino M\u00e9dio (410.514 kits), incluindo alunos da Educa\u00e7\u00e3o de Jovens e Adultos (EJA) em suas respectivas etapas de ensino. O investimento ultrapassa R$ 41 milh\u00f5es em recursos 100% estaduais.<\/p>\n<p>Iniciada em dezembro de 2025, com a destina\u00e7\u00e3o dos materiais aos N\u00facleos Regionais de Educa\u00e7\u00e3o (NREs), a distribui\u00e7\u00e3o dos kits est\u00e1 em andamento conforme o cronograma de entrega e deve ser conclu\u00edda nas pr\u00f3ximas semanas..<\/p>\n<p>Para 2026, a Seed-PR apresentou novidades na composi\u00e7\u00e3o dos kits, que passaram a contar com maior quantidade de l\u00e1pis, colas e cadernos, al\u00e9m de um novo design de capa. Os materiais tamb\u00e9m incluem estojo, r\u00e9gua, transferidor, apontadores, borrachas e canetas, entre outros. A quantidade de itens que comp\u00f5em cada kit varia de acordo com a etapa de ensino.<\/p>\n<p>Fonte:portalcantu.com.br<\/p>\n","protected":false},"excerpt":{"rendered":"<p>A Secretaria de Estado da Educa\u00e7\u00e3o do Paran\u00e1 (Seed-PR) iniciou nesta quarta-feira (11) a entrega in\u00e9dita de kits escolares para Associa\u00e7\u00f5es de Pais e Amigos dos Excepcionais (Apaes) e coirm\u00e3s. \u00c9 a primeira vez que estudantes das institui\u00e7\u00f5es especializadas recebem os materiais escolares fornecidos pelo [&hellip;]<\/p>\n","protected":false},"author":4,"featured_media":17945,"comment_status":"open","ping_status":"open","sticky":false,"template":"","format":"standard","meta":[],"categories":[582],"tags":[664],"_links":{"self":[{"href":"https:\/\/radiobanda1.com.br\/portal\/index.php?rest_route=\/wp\/v2\/posts\/17944"}],"collection":[{"href":"https:\/\/radiobanda1.com.br\/portal\/index.php?rest_route=\/wp\/v2\/posts"}],"about":[{"href":"https:\/\/radiobanda1.com.br\/portal\/index.php?rest_route=\/wp\/v2\/types\/post"}],"author":[{"embeddable":true,"href":"https:\/\/radiobanda1.com.br\/portal\/index.php?rest_route=\/wp\/v2\/users\/4"}],"replies":[{"embeddable":true,"href":"https:\/\/radiobanda1.com.br\/portal\/index.php?rest_route=%2Fwp%2Fv2%2Fcomments&post=17944"}],"version-history":[{"count":1,"href":"https:\/\/radiobanda1.com.br\/portal\/index.php?rest_route=\/wp\/v2\/posts\/17944\/revisions"}],"predecessor-version":[{"id":17946,"href":"https:\/\/radiobanda1.com.br\/portal\/index.php?rest_route=\/wp\/v2\/posts\/17944\/revisions\/17946"}],"wp:featuredmedia":[{"embeddable":true,"href":"https:\/\/radiobanda1.com.br\/portal\/index.php?rest_route=\/wp\/v2\/media\/17945"}],"wp:attachment":[{"href":"https:\/\/radiobanda1.com.br\/portal\/index.php?rest_route=%2Fwp%2Fv2%2Fmedia&parent=17944"}],"wp:term":[{"taxonomy":"category","embeddable":true,"href":"https:\/\/radiobanda1.com.br\/portal\/index.php?rest_route=%2Fwp%2Fv2%2Fcategories&post=17944"},{"taxonomy":"post_tag","embeddable":true,"href":"https:\/\/radiobanda1.com.br\/portal\/index.php?rest_route=%2Fwp%2Fv2%2Ftags&post=17944"}],"curies":[{"name":"wp","href":"https:\/\/api.w.org\/{rel}","templated":true}]}}