{"id":17622,"date":"2025-12-10T15:09:29","date_gmt":"2025-12-10T17:09:29","guid":{"rendered":"https:\/\/radiobanda1.com.br\/portal\/?p=17622"},"modified":"2025-12-10T15:09:29","modified_gmt":"2025-12-10T17:09:29","slug":"congresso-isenta-ipva-de-veiculos-com-mais-de-20-anos","status":"publish","type":"post","link":"https:\/\/radiobanda1.com.br\/portal\/?p=17622","title":{"rendered":"Congresso isenta IPVA de ve\u00edculos com mais de 20 anos"},"content":{"rendered":"<p>O Congresso Nacional promulgou hoje (9) a Emenda Constitucional 137\/25 que isenta ve\u00edculos com 20 anos ou mais de fabrica\u00e7\u00e3o do pagamento do Imposto sobre a Propriedade de Ve\u00edculos Automotores (IPVA). O texto foi aprovado pelo Senado em mar\u00e7o de 2024 e pela C\u00e2mara dos Deputados na \u00faltima ter\u00e7a-feira (2).<\/p>\n<p>A emenda altera o artigo 155 da Constitui\u00e7\u00e3o para proibir a cobran\u00e7a do imposto sobre carros de passeio, caminhonetes e ve\u00edculos de uso misto com mais de duas d\u00e9cadas de uso. O texto tamb\u00e9m estende a imunidade a micro-\u00f4nibus, \u00f4nibus, reboques e semirreboques.<\/p>\n<p>Segundo o presidente do Senado e do Congresso, Davi Alcolumbre (Uni\u00e3o-AP), a medida \u201celimina uma distor\u00e7\u00e3o que penalizava as fam\u00edlias mais pobres\u201d.<\/p>\n<p>\u201cEstamos falando de trabalho, de sustento, de mobilidade b\u00e1sica, de gente que depende de carro para garantir o p\u00e3o de cada dia, de gente que n\u00e3o tem um ve\u00edculo antigo porque quer, mas porque necessita e precisa&#8221;, afirmou.<\/p>\n<p>&#8220;Um autom\u00f3vel com mais de 20 anos n\u00e3o \u00e9, efetivamente, s\u00edmbolo de riqueza. \u00c9 s\u00edmbolo de necessidade e \u00e9, muitas vezes, a \u00fanica ferramenta para n\u00e3o perder o emprego, para levar um filho \u00e0 escola, para ir a uma igreja ou para chegar ao servi\u00e7o na hora\u201d, completou Alcolumbre.<\/p>\n<p> Fonte:portalcantu.com.br<\/p>\n","protected":false},"excerpt":{"rendered":"<p>O Congresso Nacional promulgou hoje (9) a Emenda Constitucional 137\/25 que isenta ve\u00edculos com 20 anos ou mais de fabrica\u00e7\u00e3o do pagamento do Imposto sobre a Propriedade de Ve\u00edculos Automotores (IPVA). O texto foi aprovado pelo Senado em mar\u00e7o de 2024 e pela C\u00e2mara dos [&hellip;]<\/p>\n","protected":false},"author":4,"featured_media":17623,"comment_status":"open","ping_status":"open","sticky":false,"template":"","format":"standard","meta":[],"categories":[582],"tags":[1026],"_links":{"self":[{"href":"https:\/\/radiobanda1.com.br\/portal\/index.php?rest_route=\/wp\/v2\/posts\/17622"}],"collection":[{"href":"https:\/\/radiobanda1.com.br\/portal\/index.php?rest_route=\/wp\/v2\/posts"}],"about":[{"href":"https:\/\/radiobanda1.com.br\/portal\/index.php?rest_route=\/wp\/v2\/types\/post"}],"author":[{"embeddable":true,"href":"https:\/\/radiobanda1.com.br\/portal\/index.php?rest_route=\/wp\/v2\/users\/4"}],"replies":[{"embeddable":true,"href":"https:\/\/radiobanda1.com.br\/portal\/index.php?rest_route=%2Fwp%2Fv2%2Fcomments&post=17622"}],"version-history":[{"count":1,"href":"https:\/\/radiobanda1.com.br\/portal\/index.php?rest_route=\/wp\/v2\/posts\/17622\/revisions"}],"predecessor-version":[{"id":17624,"href":"https:\/\/radiobanda1.com.br\/portal\/index.php?rest_route=\/wp\/v2\/posts\/17622\/revisions\/17624"}],"wp:featuredmedia":[{"embeddable":true,"href":"https:\/\/radiobanda1.com.br\/portal\/index.php?rest_route=\/wp\/v2\/media\/17623"}],"wp:attachment":[{"href":"https:\/\/radiobanda1.com.br\/portal\/index.php?rest_route=%2Fwp%2Fv2%2Fmedia&parent=17622"}],"wp:term":[{"taxonomy":"category","embeddable":true,"href":"https:\/\/radiobanda1.com.br\/portal\/index.php?rest_route=%2Fwp%2Fv2%2Fcategories&post=17622"},{"taxonomy":"post_tag","embeddable":true,"href":"https:\/\/radiobanda1.com.br\/portal\/index.php?rest_route=%2Fwp%2Fv2%2Ftags&post=17622"}],"curies":[{"name":"wp","href":"https:\/\/api.w.org\/{rel}","templated":true}]}}