{"id":17618,"date":"2025-12-10T15:00:31","date_gmt":"2025-12-10T17:00:31","guid":{"rendered":"https:\/\/radiobanda1.com.br\/portal\/?p=17618"},"modified":"2025-12-10T15:07:42","modified_gmt":"2025-12-10T17:07:42","slug":"inflacao-de-018-em-dezembro-faz-ipca-voltar-para-meta-do-governo","status":"publish","type":"post","link":"https:\/\/radiobanda1.com.br\/portal\/?p=17618","title":{"rendered":"Infla\u00e7\u00e3o de 0,18% em dezembro faz IPCA voltar para meta do governo"},"content":{"rendered":"<p>A chamada infla\u00e7\u00e3o oficial fechou o m\u00eas de novembro em 0,18%, resultado que faz o \u00cdndice Nacional de Pre\u00e7os ao Consumidor Amplo (IPCA) acumular 4,46% em 12 meses.<\/p>\n<p>Dessa forma, o IPCA volta para o limite da meta do governo, de at\u00e9 4,5% no acumulado de 12 meses. O \u00edndice chegou a ficar 13 meses fora do intervalo de toler\u00e2ncia. <\/p>\n<p>Os dados foram divulgados nesta quarta-feira (10) pelo Instituto Brasileiro de Geografia e Estat\u00edstica (IBGE).<\/p>\n<p>Meta<br \/>\nA meta de infla\u00e7\u00e3o do governo \u00e9 de 3% em 12 meses, com toler\u00e2ncia de 1,5 ponto percentual para mais ou para menos, ou seja, no m\u00e1ximo 4,5%.<\/p>\n<p>Desde o in\u00edcio de 2025, o per\u00edodo de avalia\u00e7\u00e3o da meta \u00e9 referente aos 12 meses imediatamente passados e n\u00e3o apenas o alcan\u00e7ado no fim do ano (dezembro). A meta \u00e9 considerada descumprida se estourar o intervalo de toler\u00e2ncia por seis meses seguidos.<\/p>\n<p>O boletim Focus da \u00faltima segunda-feira (08), sondagem do Banco Central (BC) com agentes do mercado financeiro, estima que a infla\u00e7\u00e3o oficial ao fim de 2025 ser\u00e1 de 4,40%. ((https:\/\/www.bcb.gov.br\/content\/focus\/focus\/R20251205.pdf))\u202f<\/p>\n<p>Na noite desta quarta-feira, o Comit\u00ea de Pol\u00edtica Monet\u00e1ria (Copom) do BC anunciar\u00e1 a taxa b\u00e1sica de juros, a Selic, atualmente em 15% ao ano \u2500 maior patamar desde julho de 2006 (15,25%). <\/p>\n<p>A trajet\u00f3ria de alta come\u00e7ou em setembro do ano passado, por causa da preocupa\u00e7\u00e3o do BC com a escalada da infla\u00e7\u00e3o.<\/p>\n<p>O juro alto encarece o cr\u00e9dito e desestimula investimentos e o consumo, dessa forma, funciona como um freio na economia, reduzindo a procura por produtos e servi\u00e7os e, consequentemente, esfriando a infla\u00e7\u00e3o.<\/p>\n<p>O \u00edndice<br \/>\nO IPCA apura o custo de vida para fam\u00edlias com rendimentos entre um e 40 sal\u00e1rios m\u00ednimos. Ao todos, s\u00e3o coletados pre\u00e7os de 377 subitens (produtos e servi\u00e7os). Atualmente o sal\u00e1rio m\u00ednimo \u00e9 de R$ 1.518.<\/p>\n<p>A coleta de pre\u00e7os \u00e9 feita em dez regi\u00f5es metropolitanas &#8211; Bel\u00e9m, Fortaleza, Recife, Salvador, Belo Horizonte, Vit\u00f3ria, Rio de Janeiro, S\u00e3o Paulo, Curitiba, Porto Alegre &#8211; al\u00e9m de Bras\u00edlia e nas capitais Goi\u00e2nia, Campo Grande, Rio Branco, S\u00e3o Lu\u00eds e Aracaju.<\/p>\n<p> Fonte:portalcantu.com.br<\/p>\n","protected":false},"excerpt":{"rendered":"<p>A chamada infla\u00e7\u00e3o oficial fechou o m\u00eas de novembro em 0,18%, resultado que faz o \u00cdndice Nacional de Pre\u00e7os ao Consumidor Amplo (IPCA) acumular 4,46% em 12 meses. Dessa forma, o IPCA volta para o limite da meta do governo, de at\u00e9 4,5% no acumulado [&hellip;]<\/p>\n","protected":false},"author":4,"featured_media":17621,"comment_status":"open","ping_status":"open","sticky":false,"template":"","format":"standard","meta":[],"categories":[582],"tags":[1107,1106,1026],"_links":{"self":[{"href":"https:\/\/radiobanda1.com.br\/portal\/index.php?rest_route=\/wp\/v2\/posts\/17618"}],"collection":[{"href":"https:\/\/radiobanda1.com.br\/portal\/index.php?rest_route=\/wp\/v2\/posts"}],"about":[{"href":"https:\/\/radiobanda1.com.br\/portal\/index.php?rest_route=\/wp\/v2\/types\/post"}],"author":[{"embeddable":true,"href":"https:\/\/radiobanda1.com.br\/portal\/index.php?rest_route=\/wp\/v2\/users\/4"}],"replies":[{"embeddable":true,"href":"https:\/\/radiobanda1.com.br\/portal\/index.php?rest_route=%2Fwp%2Fv2%2Fcomments&post=17618"}],"version-history":[{"count":1,"href":"https:\/\/radiobanda1.com.br\/portal\/index.php?rest_route=\/wp\/v2\/posts\/17618\/revisions"}],"predecessor-version":[{"id":17620,"href":"https:\/\/radiobanda1.com.br\/portal\/index.php?rest_route=\/wp\/v2\/posts\/17618\/revisions\/17620"}],"wp:featuredmedia":[{"embeddable":true,"href":"https:\/\/radiobanda1.com.br\/portal\/index.php?rest_route=\/wp\/v2\/media\/17621"}],"wp:attachment":[{"href":"https:\/\/radiobanda1.com.br\/portal\/index.php?rest_route=%2Fwp%2Fv2%2Fmedia&parent=17618"}],"wp:term":[{"taxonomy":"category","embeddable":true,"href":"https:\/\/radiobanda1.com.br\/portal\/index.php?rest_route=%2Fwp%2Fv2%2Fcategories&post=17618"},{"taxonomy":"post_tag","embeddable":true,"href":"https:\/\/radiobanda1.com.br\/portal\/index.php?rest_route=%2Fwp%2Fv2%2Ftags&post=17618"}],"curies":[{"name":"wp","href":"https:\/\/api.w.org\/{rel}","templated":true}]}}