{"id":17615,"date":"2025-12-09T12:56:39","date_gmt":"2025-12-09T14:56:39","guid":{"rendered":"https:\/\/radiobanda1.com.br\/portal\/?p=17615"},"modified":"2025-12-09T12:56:39","modified_gmt":"2025-12-09T14:56:39","slug":"anvisa-publica-registro-da-vacina-contra-a-dengue-do-butantan","status":"publish","type":"post","link":"https:\/\/radiobanda1.com.br\/portal\/?p=17615","title":{"rendered":"Anvisa publica registro da vacina contra a dengue do Butantan"},"content":{"rendered":"<p>A Ag\u00eancia Nacional de Vigil\u00e2ncia Sanit\u00e1ria (Anvisa) publicou nesta segunda-feira (8) no Di\u00e1rio Oficial da Uni\u00e3o o registro da vacina contra a dengue desenvolvida pelo Instituto Butantan.<\/p>\n<p>O registro do imunizante j\u00e1 havia sido anunciado pelo ministro da Sa\u00fade, Alexandre Padilha, no fim de novembro. A inten\u00e7\u00e3o da pasta \u00e9 come\u00e7ar a aplica\u00e7\u00e3o das doses em 2026, de forma gratuita, via Sistema \u00danico de Sa\u00fade (SUS).<\/p>\n<p>Em nota, a Anvisa informou que a publica\u00e7\u00e3o oficializa a conclus\u00e3o do processo regulat\u00f3rio e permite a produ\u00e7\u00e3o e a comercializa\u00e7\u00e3o do imunizante \u2014 que ser\u00e1 ofertado exclusivamente pela rede p\u00fablica.<\/p>\n<p>\u201cO registro \u00e9 um marco para o enfrentamento da dengue no Brasil. A vacina passou por todas as etapas de an\u00e1lise t\u00e9cnica e regulat\u00f3ria previstas na legisla\u00e7\u00e3o sanit\u00e1ria, garantindo sua seguran\u00e7a, qualidade e efic\u00e1cia\u201d, destacou a ag\u00eancia.<\/p>\n<p>O comunicado cita ainda que a vacina \u00e9 tetravalente e combate os quatro sorotipos da dengue, al\u00e9m de ser aplicada em dose \u00fanica. \u201cEssa \u00e9 a primeira vacina contra a dengue a ser produzida por um laborat\u00f3rio nacional\u201d, completou a Anvisa.<\/p>\n<p>A nota ressalta que, mesmo com o registro do imunizante, o Instituto Butantan deve dar continuidade aos estudos adicionais da vacina e realizar o monitoramento ativo de seu uso pela popula\u00e7\u00e3o em geral.<\/p>\n<p>\u201cA tecnologia utilizada pelo novo imunizante \u00e9 a de v\u00edrus vivo atenuado, que \u00e9 segura e j\u00e1 empregada em diversas outras vacinas em uso no Brasil e no mundo\u201d, destacou a ag\u00eancia.<\/p>\n<p>A indica\u00e7\u00e3o da dose aprovada pela Anvisa \u00e9 para pessoas na faixa et\u00e1ria de 12 a 59 anos, perfil que, segundo a nota, ainda pode ser ampliado no futuro, a depender de novos estudos.<\/p>\n<p>Em novembro, o Instituto Butantan informou que j\u00e1 havia 1 milh\u00e3o de unidades da vacina prontas para distribui\u00e7\u00e3o. A estimativa do Butantan \u00e9 ter dispon\u00edvel mais de 30 milh\u00f5es de doses em meados de 2026.<\/p>\n<p>Entenda<br \/>\nA Butantan-DV \u00e9 o primeiro imunizante contra a dengue em dose \u00fanica no mundo. A vacina foi desenvolvida pelo Instituto do Butantan a partir de uma parceria articulada pelo Minist\u00e9rio da Sa\u00fade com a empresa chinesa WuXi Vaccines.<\/p>\n<p>A nova dose utiliza a tecnologia de v\u00edrus vivo atenuado, j\u00e1 utilizada em outros imunizantes em uso no Brasil e no mundo, como a vacina tr\u00edplice viral, a vacina contra a febre amarela, a vacina contra a poliomielite e algumas vacinas contra a gripe. <\/p>\n<p>De acordo com a avalia\u00e7\u00e3o t\u00e9cnica da Anvisa, a Butantan-DV apresentou efic\u00e1cia global de 74,7% contra dengue sintom\u00e1tica na popula\u00e7\u00e3o de 12 a 59 anos. Isso significa que, em 74% dos casos, a doen\u00e7a foi evitada por conta da vacina.<\/p>\n<p>A dose tamb\u00e9m demonstrou 89% de prote\u00e7\u00e3o contra formas graves da doen\u00e7a e contra formas de dengue com sinais de alarme, conforme publica\u00e7\u00e3o na The Lancet Infectious Diseases.<\/p>\n<p> Fonte:portalcantu.com.br<\/p>\n","protected":false},"excerpt":{"rendered":"<p>A Ag\u00eancia Nacional de Vigil\u00e2ncia Sanit\u00e1ria (Anvisa) publicou nesta segunda-feira (8) no Di\u00e1rio Oficial da Uni\u00e3o o registro da vacina contra a dengue desenvolvida pelo Instituto Butantan. O registro do imunizante j\u00e1 havia sido anunciado pelo ministro da Sa\u00fade, Alexandre Padilha, no fim de novembro. [&hellip;]<\/p>\n","protected":false},"author":4,"featured_media":0,"comment_status":"open","ping_status":"open","sticky":false,"template":"","format":"standard","meta":[],"categories":[582],"tags":[1026],"_links":{"self":[{"href":"https:\/\/radiobanda1.com.br\/portal\/index.php?rest_route=\/wp\/v2\/posts\/17615"}],"collection":[{"href":"https:\/\/radiobanda1.com.br\/portal\/index.php?rest_route=\/wp\/v2\/posts"}],"about":[{"href":"https:\/\/radiobanda1.com.br\/portal\/index.php?rest_route=\/wp\/v2\/types\/post"}],"author":[{"embeddable":true,"href":"https:\/\/radiobanda1.com.br\/portal\/index.php?rest_route=\/wp\/v2\/users\/4"}],"replies":[{"embeddable":true,"href":"https:\/\/radiobanda1.com.br\/portal\/index.php?rest_route=%2Fwp%2Fv2%2Fcomments&post=17615"}],"version-history":[{"count":1,"href":"https:\/\/radiobanda1.com.br\/portal\/index.php?rest_route=\/wp\/v2\/posts\/17615\/revisions"}],"predecessor-version":[{"id":17617,"href":"https:\/\/radiobanda1.com.br\/portal\/index.php?rest_route=\/wp\/v2\/posts\/17615\/revisions\/17617"}],"wp:attachment":[{"href":"https:\/\/radiobanda1.com.br\/portal\/index.php?rest_route=%2Fwp%2Fv2%2Fmedia&parent=17615"}],"wp:term":[{"taxonomy":"category","embeddable":true,"href":"https:\/\/radiobanda1.com.br\/portal\/index.php?rest_route=%2Fwp%2Fv2%2Fcategories&post=17615"},{"taxonomy":"post_tag","embeddable":true,"href":"https:\/\/radiobanda1.com.br\/portal\/index.php?rest_route=%2Fwp%2Fv2%2Ftags&post=17615"}],"curies":[{"name":"wp","href":"https:\/\/api.w.org\/{rel}","templated":true}]}}