{"id":17612,"date":"2025-12-09T12:54:11","date_gmt":"2025-12-09T14:54:11","guid":{"rendered":"https:\/\/radiobanda1.com.br\/portal\/?p=17612"},"modified":"2025-12-09T12:54:11","modified_gmt":"2025-12-09T14:54:11","slug":"com-aliquota-de-19-e-desconto-a-vista-fazenda-divulga-datas-do-ipva-2026","status":"publish","type":"post","link":"https:\/\/radiobanda1.com.br\/portal\/?p=17612","title":{"rendered":"Com al\u00edquota de 1,9% e desconto \u00e0 vista, Fazenda divulga datas do IPVA 2026"},"content":{"rendered":"<p>A Secretaria de Estado da Fazenda (Sefa) publicou nesta ter\u00e7a-feira (09) o calend\u00e1rio do Imposto sobre a Propriedade de Ve\u00edculos Automotores (IPVA) 2026.<\/p>\n<p>O principal destaque para o pr\u00f3ximo ano \u00e9 justamente a redu\u00e7\u00e3o de 45,7% no valor do tributo para a maior parte dos motoristas. Com isso, a al\u00edquota passa a ser de 1,9% do valor venal dos ve\u00edculos \u2014 o que coloca o Paran\u00e1 como um dos menores IPVAs do Brasil. <\/p>\n<p>Os prazos para o pagamento da parcela \u00fanica ou da primeira cota foram fixados entre 9 e 15 de janeiro de 2026, a depender do n\u00famero final da placa do ve\u00edculo. As guias de pagamento poder\u00e3o ser emitidas a partir de janeiro.<\/p>\n<p>Assim como aconteceu nos \u00faltimos anos, quem optar pelo pagamento do imposto \u00e0 vista ter\u00e1 um desconto de 6% do valor total \u2014 o que pode fazer com que a redu\u00e7\u00e3o em compara\u00e7\u00e3o com o IPVA 2025 chegue a quase 50%.<\/p>\n<p>Dessa forma, um carro popular avaliado em R$ 50 mil e que pagou R$ 1.750 de IPVA em 2025, por exemplo, pagar\u00e1 somente R$ 950 em 2026 gra\u00e7as \u00e0 nova al\u00edquota de 1,9%. Com o pagamento \u00e0 vista, o valor total fica ainda menor: apenas R$ 893. De acordo com a Receita Estadual, mais de 68% dos ve\u00edculos paranaenses est\u00e3o dentro dessa faixa de valor.<\/p>\n<p>Para quem optar pelo parcelamento poder\u00e1 pagar o tributo em cinco quotas iguais, divididas entre janeiro e maio \u2014 neste caso, sem o desconto de 6%. De acordo com o calend\u00e1rio, os vencimentos est\u00e3o todos agendados para a segunda semana de cada m\u00eas. A escolha das datas se deu justamente para evitar que coincidissem com os feriados de Carnaval, P\u00e1scoa e Tiradentes.<\/p>\n<p>A Receita Estadual estima arrecadar R$ 4,6 bilh\u00f5es com o IPVA 2026, com o tributo incidindo sobre uma frota de aproximadamente 4,1 milh\u00f5es de ve\u00edculos no Paran\u00e1.<\/p>\n<p>A nova al\u00edquota de 1,9% \u00e9 v\u00e1lida para autom\u00f3veis, motocicletas acima de 170 cilindradas, caminhonetes, camionetas, ciclomotores, motonetas, utilit\u00e1rios, motorhomes, triciclos, quadriciclos e caminh\u00f5es-tratores. <\/p>\n<p>NORMAS \u2013 A al\u00edquota de 1,9% do IPVA 2026 incide sobre o valor venal de autom\u00f3veis, motocicletas acima de 170 cilindradas, caminhonetes, camionetas, ciclomotores, motonetas, utilit\u00e1rios, motorhomes, triciclos, quadriciclos e caminh\u00f5es-tratores. <\/p>\n<p>Al\u00e9m disso, as motocicletas de at\u00e9 170 cilindradas continuam isentas do imposto, mantendo a pol\u00edtica adotada no IPVA 2025. J\u00e1 \u00f4nibus, caminh\u00f5es, ve\u00edculos de aluguel ou movidos a g\u00e1s natural veicular (GNV) s\u00e3o tributados em 1%. Atualmente, cerca de 36 mil ve\u00edculos leves j\u00e1 utilizam GNV no Paran\u00e1. A convers\u00e3o deve ser feita exclusivamente em oficinas credenciadas pelo Instituto Nacional de Metrologia, Qualidade e Tecnologia (Inmetro). No site da Compagas \u00e9 poss\u00edvel conferir a lista de oficinas aptas a realizar a convers\u00e3o.<\/p>\n<p>IPVA \u2013 O IPVA \u00e9 uma das principais fontes de arrecada\u00e7\u00e3o tribut\u00e1ria do Paran\u00e1, ficando atr\u00e1s apenas do Imposto sobre Circula\u00e7\u00e3o de Mercadorias e Servi\u00e7os de Transporte Interestadual e Intermunicipal e de Comunica\u00e7\u00e3o (ICMS). O Estado destina 50% do valor arrecadado com o imposto para custear os gastos p\u00fablicos, como educa\u00e7\u00e3o, sa\u00fade, seguran\u00e7a e transporte dos munic\u00edpios.<\/p>\n<p>Fonte:portalcantu.com.br<\/p>\n","protected":false},"excerpt":{"rendered":"<p>A Secretaria de Estado da Fazenda (Sefa) publicou nesta ter\u00e7a-feira (09) o calend\u00e1rio do Imposto sobre a Propriedade de Ve\u00edculos Automotores (IPVA) 2026. O principal destaque para o pr\u00f3ximo ano \u00e9 justamente a redu\u00e7\u00e3o de 45,7% no valor do tributo para a maior parte dos [&hellip;]<\/p>\n","protected":false},"author":4,"featured_media":17613,"comment_status":"open","ping_status":"open","sticky":false,"template":"","format":"standard","meta":[],"categories":[582],"tags":[1026],"_links":{"self":[{"href":"https:\/\/radiobanda1.com.br\/portal\/index.php?rest_route=\/wp\/v2\/posts\/17612"}],"collection":[{"href":"https:\/\/radiobanda1.com.br\/portal\/index.php?rest_route=\/wp\/v2\/posts"}],"about":[{"href":"https:\/\/radiobanda1.com.br\/portal\/index.php?rest_route=\/wp\/v2\/types\/post"}],"author":[{"embeddable":true,"href":"https:\/\/radiobanda1.com.br\/portal\/index.php?rest_route=\/wp\/v2\/users\/4"}],"replies":[{"embeddable":true,"href":"https:\/\/radiobanda1.com.br\/portal\/index.php?rest_route=%2Fwp%2Fv2%2Fcomments&post=17612"}],"version-history":[{"count":1,"href":"https:\/\/radiobanda1.com.br\/portal\/index.php?rest_route=\/wp\/v2\/posts\/17612\/revisions"}],"predecessor-version":[{"id":17614,"href":"https:\/\/radiobanda1.com.br\/portal\/index.php?rest_route=\/wp\/v2\/posts\/17612\/revisions\/17614"}],"wp:featuredmedia":[{"embeddable":true,"href":"https:\/\/radiobanda1.com.br\/portal\/index.php?rest_route=\/wp\/v2\/media\/17613"}],"wp:attachment":[{"href":"https:\/\/radiobanda1.com.br\/portal\/index.php?rest_route=%2Fwp%2Fv2%2Fmedia&parent=17612"}],"wp:term":[{"taxonomy":"category","embeddable":true,"href":"https:\/\/radiobanda1.com.br\/portal\/index.php?rest_route=%2Fwp%2Fv2%2Fcategories&post=17612"},{"taxonomy":"post_tag","embeddable":true,"href":"https:\/\/radiobanda1.com.br\/portal\/index.php?rest_route=%2Fwp%2Fv2%2Ftags&post=17612"}],"curies":[{"name":"wp","href":"https:\/\/api.w.org\/{rel}","templated":true}]}}