{"id":17438,"date":"2025-11-11T14:18:32","date_gmt":"2025-11-11T16:18:32","guid":{"rendered":"https:\/\/radiobanda1.com.br\/portal\/?p=17438"},"modified":"2025-11-11T14:19:42","modified_gmt":"2025-11-11T16:19:42","slug":"governo-prorroga-ate-2026-prazo-para-pedido-de-ressarcimento-do-inss","status":"publish","type":"post","link":"https:\/\/radiobanda1.com.br\/portal\/?p=17438","title":{"rendered":"Governo prorroga at\u00e9 2026 prazo para pedido de ressarcimento do INSS"},"content":{"rendered":"<p>O governo federal decidiu prorrogar at\u00e9 14 de fevereiro de 2026 o prazo para que aposentados e pensionistas possam solicitar o ressarcimento de valores descontados indevidamente de seus benef\u00edcios do Instituto Nacional do Seguro Social (INSS). O an\u00fancio foi feito nesta segunda-feira (10) pelo deputado Paulo Pimenta (PT-RS), durante sess\u00e3o da Comiss\u00e3o Parlamentar Mista de Inqu\u00e9rito (CPMI) do INSS.<\/p>\n<p>O prazo original se encerraria em 14 de novembro. No entanto, segundo Pimenta, o Minist\u00e9rio da Previd\u00eancia Social decidiu ampliar o per\u00edodo para garantir que todos os afetados possam registrar seus pedidos. A decis\u00e3o ser\u00e1 oficializada nesta ter\u00e7a-feira (11) pelo ministro Wolney Queiroz.<\/p>\n<p>De acordo com o parlamentar, cerca de 3,7 milh\u00f5es de benefici\u00e1rios j\u00e1 foram ressarcidos, em valores que somam R$ 2,5 bilh\u00f5es. O governo estima, no entanto, que ainda existam 4,8 milh\u00f5es de aposentados e pensionistas aptos a solicitar a devolu\u00e7\u00e3o.<\/p>\n<p>O esquema de descontos indevidos foi revelado pela Opera\u00e7\u00e3o Sem Desconto, deflagrada pela Pol\u00edcia Federal e pela Controladoria-Geral da Uni\u00e3o (CGU), que identificou fraudes em Acordos de Coopera\u00e7\u00e3o T\u00e9cnica (ACTs) firmados entre o INSS e entidades associativas. As investiga\u00e7\u00f5es levaram ao afastamento de parte da c\u00fapula do instituto em abril.<\/p>\n<p>Segundo Pimenta, muitos aposentados ainda desconhecem que foram v\u00edtimas das cobran\u00e7as.<\/p>\n<p>\u201cTemos que fazer um esfor\u00e7o de esclarecimento, porque muitos aposentados n\u00e3o perceberam que foram roubados\u201d, afirmou.<\/p>\n<p>A prorroga\u00e7\u00e3o, completou Pimenta, busca assegurar que todos os lesados pelo esquema possam recuperar os valores de forma simplificada e sem necessidade de a\u00e7\u00e3o judicial.<\/p>\n<p>Como pedir a devolu\u00e7\u00e3o<br \/>\nOs benefici\u00e1rios podem abrir pedidos de ressarcimento pelos canais oficiais do INSS:<\/p>\n<p>Aplicativo ou site Meu INSS, com login no Portal Gov.br;<br \/>\nTelefone 135, com atendimento gratuito de segunda a s\u00e1bado, das 7h \u00e0s 22h;<br \/>\nAg\u00eancias dos Correios, que oferecem suporte gratuito em mais de 5 mil unidades.<br \/>\nDepoimento<br \/>\nNesta segunda, a CPMI do INSS ouv o empres\u00e1rio Igor Dias Delecrode, dirigente da Associa\u00e7\u00e3o de Amparo Social do Aposentado e Pensionista (AASAP). A entidade \u00e9 investigada por suspeita de ter criado um sistema pr\u00f3prio de biometria para fraudar a assinatura de segurados do INSS e pedir descontos indevidos em nome deles.<\/p>\n<p>Munido de um habeas corpus concedido pelo Supremo Tribunal Federal (STF), Delecrode ficou em sil\u00eancio na maior parte dos questionamentos dos membros da CPMI.<\/p>\n<p> Fonte:portalcantu.com.br<\/p>\n","protected":false},"excerpt":{"rendered":"<p>O governo federal decidiu prorrogar at\u00e9 14 de fevereiro de 2026 o prazo para que aposentados e pensionistas possam solicitar o ressarcimento de valores descontados indevidamente de seus benef\u00edcios do Instituto Nacional do Seguro Social (INSS). O an\u00fancio foi feito nesta segunda-feira (10) pelo deputado [&hellip;]<\/p>\n","protected":false},"author":4,"featured_media":17441,"comment_status":"open","ping_status":"open","sticky":false,"template":"","format":"standard","meta":[],"categories":[582],"tags":[664],"_links":{"self":[{"href":"https:\/\/radiobanda1.com.br\/portal\/index.php?rest_route=\/wp\/v2\/posts\/17438"}],"collection":[{"href":"https:\/\/radiobanda1.com.br\/portal\/index.php?rest_route=\/wp\/v2\/posts"}],"about":[{"href":"https:\/\/radiobanda1.com.br\/portal\/index.php?rest_route=\/wp\/v2\/types\/post"}],"author":[{"embeddable":true,"href":"https:\/\/radiobanda1.com.br\/portal\/index.php?rest_route=\/wp\/v2\/users\/4"}],"replies":[{"embeddable":true,"href":"https:\/\/radiobanda1.com.br\/portal\/index.php?rest_route=%2Fwp%2Fv2%2Fcomments&post=17438"}],"version-history":[{"count":1,"href":"https:\/\/radiobanda1.com.br\/portal\/index.php?rest_route=\/wp\/v2\/posts\/17438\/revisions"}],"predecessor-version":[{"id":17440,"href":"https:\/\/radiobanda1.com.br\/portal\/index.php?rest_route=\/wp\/v2\/posts\/17438\/revisions\/17440"}],"wp:featuredmedia":[{"embeddable":true,"href":"https:\/\/radiobanda1.com.br\/portal\/index.php?rest_route=\/wp\/v2\/media\/17441"}],"wp:attachment":[{"href":"https:\/\/radiobanda1.com.br\/portal\/index.php?rest_route=%2Fwp%2Fv2%2Fmedia&parent=17438"}],"wp:term":[{"taxonomy":"category","embeddable":true,"href":"https:\/\/radiobanda1.com.br\/portal\/index.php?rest_route=%2Fwp%2Fv2%2Fcategories&post=17438"},{"taxonomy":"post_tag","embeddable":true,"href":"https:\/\/radiobanda1.com.br\/portal\/index.php?rest_route=%2Fwp%2Fv2%2Ftags&post=17438"}],"curies":[{"name":"wp","href":"https:\/\/api.w.org\/{rel}","templated":true}]}}