{"id":17273,"date":"2025-10-24T13:51:50","date_gmt":"2025-10-24T15:51:50","guid":{"rendered":"https:\/\/radiobanda1.com.br\/portal\/?p=17273"},"modified":"2025-10-24T13:51:50","modified_gmt":"2025-10-24T15:51:50","slug":"stf-julgara-se-homem-em-uniao-homoafetiva-pode-ter-licenca-maternidade","status":"publish","type":"post","link":"https:\/\/radiobanda1.com.br\/portal\/?p=17273","title":{"rendered":"STF julgar\u00e1 se homem em uni\u00e3o homoafetiva pode ter licen\u00e7a-maternidade"},"content":{"rendered":"<p>Por unanimidade, o Supremo Tribunal Federal (STF) decidiu nesta quinta-feira (23) que vai julgar a validade da concess\u00e3o de licen\u00e7a-maternidade a homens que integram uma uni\u00e3o homoafetiva.<\/p>\n<p>A Corte decidiu reconhecer a repercuss\u00e3o geral da quest\u00e3o. Dessa forma, a decis\u00e3o do tribunal, que ainda n\u00e3o tem data para ser proferida, dever\u00e1 ser seguida por todos os ramos da Justi\u00e7a e aplicada em todo o pa\u00eds.<\/p>\n<p>O caso chegou ao Supremo pode meio de um recurso protocolado por um servidor p\u00fablico que n\u00e3o conseguiu autoriza\u00e7\u00e3o para tirar 120 dias de licen\u00e7a, per\u00edodo equivalente \u00e0 licen\u00e7a-maternidade, ap\u00f3s ele e seu companheiro adotarem uma crian\u00e7a.<\/p>\n<p>O reconhecimento foi negado pelo Tribunal de Justi\u00e7a de S\u00e3o Paulo (TJSP). O \u00f3rg\u00e3o entendeu que o direito n\u00e3o est\u00e1 previsto em lei.<\/p>\n<p>Ao definir julgar a quest\u00e3o, a Corte entendeu que o tema deve ser analisado pelo plen\u00e1rio do STF por ter relev\u00e2ncia jur\u00eddica e social.<\/p>\n<p>O presidente do Supremo, ministro Edson Fachin, acrescentou durante a vota\u00e7\u00e3o virtual que o tribunal j\u00e1 reconheceu a concess\u00e3o de licen\u00e7a-maternidade a pais solo e mulheres que est\u00e3o em uni\u00e3o homoafetiva.<\/p>\n<p>\u201cH\u00e1 precedentes do STF em casos similares, como o Tema 1.072 [servidora p\u00fablica ou trabalhadora regida pela CLT n\u00e3o gestante em uni\u00e3o homoafetiva] e o Tema 1.182 [pai genitor monoparental servidor p\u00fablico], al\u00e9m do reconhecimento de omiss\u00e3o inconstitucional na ADO [a\u00e7\u00e3o direta de inconstitucionalidade por omiss\u00e3o] 20 quanto \u00e0 licen\u00e7a-paternidade, o que demonstra a necessidade de se conferir estabilidade aos pronunciamentos desta Corte e garantir aplica\u00e7\u00e3o uniforme da Constitui\u00e7\u00e3o Federal\u201d, completou o ministro.<\/p>\n<p> Fonte:portalcantu.com.br<\/p>\n","protected":false},"excerpt":{"rendered":"<p>Por unanimidade, o Supremo Tribunal Federal (STF) decidiu nesta quinta-feira (23) que vai julgar a validade da concess\u00e3o de licen\u00e7a-maternidade a homens que integram uma uni\u00e3o homoafetiva. A Corte decidiu reconhecer a repercuss\u00e3o geral da quest\u00e3o. Dessa forma, a decis\u00e3o do tribunal, que ainda n\u00e3o [&hellip;]<\/p>\n","protected":false},"author":4,"featured_media":17274,"comment_status":"open","ping_status":"open","sticky":false,"template":"","format":"standard","meta":[],"categories":[582],"tags":[664],"_links":{"self":[{"href":"https:\/\/radiobanda1.com.br\/portal\/index.php?rest_route=\/wp\/v2\/posts\/17273"}],"collection":[{"href":"https:\/\/radiobanda1.com.br\/portal\/index.php?rest_route=\/wp\/v2\/posts"}],"about":[{"href":"https:\/\/radiobanda1.com.br\/portal\/index.php?rest_route=\/wp\/v2\/types\/post"}],"author":[{"embeddable":true,"href":"https:\/\/radiobanda1.com.br\/portal\/index.php?rest_route=\/wp\/v2\/users\/4"}],"replies":[{"embeddable":true,"href":"https:\/\/radiobanda1.com.br\/portal\/index.php?rest_route=%2Fwp%2Fv2%2Fcomments&post=17273"}],"version-history":[{"count":1,"href":"https:\/\/radiobanda1.com.br\/portal\/index.php?rest_route=\/wp\/v2\/posts\/17273\/revisions"}],"predecessor-version":[{"id":17275,"href":"https:\/\/radiobanda1.com.br\/portal\/index.php?rest_route=\/wp\/v2\/posts\/17273\/revisions\/17275"}],"wp:featuredmedia":[{"embeddable":true,"href":"https:\/\/radiobanda1.com.br\/portal\/index.php?rest_route=\/wp\/v2\/media\/17274"}],"wp:attachment":[{"href":"https:\/\/radiobanda1.com.br\/portal\/index.php?rest_route=%2Fwp%2Fv2%2Fmedia&parent=17273"}],"wp:term":[{"taxonomy":"category","embeddable":true,"href":"https:\/\/radiobanda1.com.br\/portal\/index.php?rest_route=%2Fwp%2Fv2%2Fcategories&post=17273"},{"taxonomy":"post_tag","embeddable":true,"href":"https:\/\/radiobanda1.com.br\/portal\/index.php?rest_route=%2Fwp%2Fv2%2Ftags&post=17273"}],"curies":[{"name":"wp","href":"https:\/\/api.w.org\/{rel}","templated":true}]}}