{"id":17006,"date":"2025-09-22T16:03:17","date_gmt":"2025-09-22T19:03:17","guid":{"rendered":"https:\/\/radiobanda1.com.br\/portal\/?p=17006"},"modified":"2025-09-22T16:03:17","modified_gmt":"2025-09-22T19:03:17","slug":"motta-afirma-que-isencao-do-ir-pode-entrar-em-pauta-na-semana-que-vem","status":"publish","type":"post","link":"https:\/\/radiobanda1.com.br\/portal\/?p=17006","title":{"rendered":"Motta afirma que isen\u00e7\u00e3o do IR pode entrar em pauta na semana que vem"},"content":{"rendered":"<p>O presidente da C\u00e2mara dos Deputados, deputado federal Hugo Motta (Republicanos), disse nesta segunda-feira (22) que o projeto do governo federal de isen\u00e7\u00e3o do Imposto de Renda (IR) para pessoas que ganham at\u00e9 R$ 5 mil deve ser votado na Casa na pr\u00f3xima semana. O parlamentar participou de um evento promovido pelo banco BTG Pactual, em S\u00e3o Paulo.<\/p>\n<p>\u201cChamei o deputado Arthur Lira [relator desse projeto] para ir ao col\u00e9gio de l\u00edderes esta semana explicar o seu relat\u00f3rio, e para que, ouvindo o col\u00e9gio, possamos ter ainda esta semana uma posi\u00e7\u00e3o sobre a pauta e, se poss\u00edvel, j\u00e1 levarmos a pauta na semana que vem [para vota\u00e7\u00e3o]. Essa \u00e9 uma pauta importante, n\u00f3s sabemos o quanto ela ir\u00e1 trazer, do ponto de vista da justi\u00e7a tribut\u00e1ria, avan\u00e7os significativos para milh\u00f5es de brasileiros e brasileiras. Eu penso que \u00e9 uma pauta que no seu amadurecimento, chega o momento de levarmos essa pauta ao plen\u00e1rio\u201d, disse ele.<\/p>\n<p>Motta disse que os parlamentares v\u00e3o poder propor emendas a esse projeto, mas ressaltou que \u00e9 preciso ter responsabilidade com as contas p\u00fablicas.<\/p>\n<p>\u201c\u00c9 claro que cada partido tem o direito de propor emenda, de fazer destaque. O plen\u00e1rio ser\u00e1 soberano ao final dessa decis\u00e3o, se muda a compensa\u00e7\u00e3o, se retira a compensa\u00e7\u00e3o, se aumenta essa faixa de isen\u00e7\u00e3o. Tudo isso \u00e9 poss\u00edvel. Eu s\u00f3 penso que cada atitude que for ser tomada por cada partido tamb\u00e9m tem a responsabilidade sobre a consequ\u00eancia dessa atitude, porque n\u00f3s estamos tratando das contas p\u00fablicas do pa\u00eds\u201d, falou.<\/p>\n<p>Pautas t\u00f3xicas<\/p>\n<p>O presidente da C\u00e2mara foi um dos principais alvos das manifesta\u00e7\u00f5es deste domingo, que repudiaram as propostas de anistia a condenados por golpe de Estado, como o ex-presidente Jair Bolsonaro, e a proposta de emenda constitucional conhecida como PEC da Blindagem, segundo a qual a C\u00e2mara e o Senado ter\u00e3o que autorizar a abertura de processos contra parlamentares. <\/p>\n<p>Nesta manh\u00e3, Motta avaliou que &#8220;o atual momento do pa\u00eds \u00e9 desafiador&#8221;, mas refor\u00e7ou que \u00e9 preciso &#8220;tirar da frente todas essas pautas t\u00f3xicas&#8221;, &#8220;essas cascas de banana&#8221; que t\u00eam tomado as discuss\u00f5es atualmente no Congresso Nacional, para votar projetos que realmente interessem e dialoguem com a popula\u00e7\u00e3o.<\/p>\n<p>\u201cNesse momento, o presidente da C\u00e2mara precisa ter cautela, equil\u00edbrio e procurar nessa diverg\u00eancia toda encontrar a m\u00ednima converg\u00eancia, para que o Parlamento possa cumprir o seu papel. Isso \u00e9 a voz da democracia, de ter, l\u00e1, a oportunidade de todos expressarem as suas opini\u00f5es sobre os mais variados temas, sem preconceito algum, e procurar defender a pauta que n\u00e3o depende s\u00f3 do presidente, depende tamb\u00e9m do col\u00e9gio de l\u00edderes\u201d, disse ele.<\/p>\n<p>\u201cN\u00f3s vamos tirar essas pautas t\u00f3xicas, porque ningu\u00e9m aguenta mais essa discuss\u00e3o. O Brasil tem que olhar para frente. N\u00f3s temos que come\u00e7ar a discutir aquilo que realmente importa, que \u00e9 uma reforma administrativa, que \u00e9 essa quest\u00e3o do Imposto de Renda, que \u00e9 podermos discutir a seguran\u00e7a p\u00fablica, que \u00e9 termos uma pauta de entregas \u00e0 sociedade\u201d, defendeu.<\/p>\n<p>Embora n\u00e3o tenha explicitado quais seriam essas \u201cpautas t\u00f3xicas\u201d, Motta disse que os conflitos t\u00eam dominado o pa\u00eds ultimamente.<\/p>\n<p>\u201cInfelizmente, a pauta que lidera hoje o notici\u00e1rio \u00e9 a pauta do conflito. \u00c9 a pauta que anima esses polos e deixa os assuntos mais importantes, que dizem respeito ao dia a dia da sociedade, em segundo plano\u201d, lamentou. \u201cPrecisamos olhar para frente nessa nova perspectiva de inaugurarmos uma agenda que saia um pouco dessa dicotomia, que em nada serve ao pa\u00eds, e possamos dar um passo na discuss\u00e3o daquilo que verdadeiramente importa para a nossa popula\u00e7\u00e3o\u201d, acrescentou.<\/p>\n<p>Sobre as manifesta\u00e7\u00f5es realizadas em todo o pa\u00eds contra o projeto de anistia e contra a PEC da Blindagem, o presidente da C\u00e2mara disse que respeita a democracia e que a popula\u00e7\u00e3o tem direito a se manifestar. Apesar disso, ele defendeu a proposta de emenda \u00e0 constitui\u00e7\u00e3o que dificulta as a\u00e7\u00f5es judiciais contra parlamentares.<\/p>\n<p>\u201cAs manifesta\u00e7\u00f5es demonstram que a nossa democracia segue mais viva do que nunca. H\u00e1 15 dias, tivemos manifesta\u00e7\u00f5es da direita reivindicando outras pautas. A nossa popula\u00e7\u00e3o est\u00e1 nas ruas defendendo aquilo em que acredita. Eu tenho o maior respeito pelas manifesta\u00e7\u00f5es populares e fico feliz em ver as pessoas indo \u00e0s ruas para defender o que acreditam\u201d, afirmou Motta.<\/p>\n<p> Fonte:portalcantu.com.br<\/p>\n","protected":false},"excerpt":{"rendered":"<p>O presidente da C\u00e2mara dos Deputados, deputado federal Hugo Motta (Republicanos), disse nesta segunda-feira (22) que o projeto do governo federal de isen\u00e7\u00e3o do Imposto de Renda (IR) para pessoas que ganham at\u00e9 R$ 5 mil deve ser votado na Casa na pr\u00f3xima semana. O [&hellip;]<\/p>\n","protected":false},"author":4,"featured_media":17007,"comment_status":"open","ping_status":"open","sticky":false,"template":"","format":"standard","meta":[],"categories":[582],"tags":[664],"_links":{"self":[{"href":"https:\/\/radiobanda1.com.br\/portal\/index.php?rest_route=\/wp\/v2\/posts\/17006"}],"collection":[{"href":"https:\/\/radiobanda1.com.br\/portal\/index.php?rest_route=\/wp\/v2\/posts"}],"about":[{"href":"https:\/\/radiobanda1.com.br\/portal\/index.php?rest_route=\/wp\/v2\/types\/post"}],"author":[{"embeddable":true,"href":"https:\/\/radiobanda1.com.br\/portal\/index.php?rest_route=\/wp\/v2\/users\/4"}],"replies":[{"embeddable":true,"href":"https:\/\/radiobanda1.com.br\/portal\/index.php?rest_route=%2Fwp%2Fv2%2Fcomments&post=17006"}],"version-history":[{"count":1,"href":"https:\/\/radiobanda1.com.br\/portal\/index.php?rest_route=\/wp\/v2\/posts\/17006\/revisions"}],"predecessor-version":[{"id":17008,"href":"https:\/\/radiobanda1.com.br\/portal\/index.php?rest_route=\/wp\/v2\/posts\/17006\/revisions\/17008"}],"wp:featuredmedia":[{"embeddable":true,"href":"https:\/\/radiobanda1.com.br\/portal\/index.php?rest_route=\/wp\/v2\/media\/17007"}],"wp:attachment":[{"href":"https:\/\/radiobanda1.com.br\/portal\/index.php?rest_route=%2Fwp%2Fv2%2Fmedia&parent=17006"}],"wp:term":[{"taxonomy":"category","embeddable":true,"href":"https:\/\/radiobanda1.com.br\/portal\/index.php?rest_route=%2Fwp%2Fv2%2Fcategories&post=17006"},{"taxonomy":"post_tag","embeddable":true,"href":"https:\/\/radiobanda1.com.br\/portal\/index.php?rest_route=%2Fwp%2Fv2%2Ftags&post=17006"}],"curies":[{"name":"wp","href":"https:\/\/api.w.org\/{rel}","templated":true}]}}