{"id":16982,"date":"2025-09-18T16:03:37","date_gmt":"2025-09-18T19:03:37","guid":{"rendered":"https:\/\/radiobanda1.com.br\/portal\/?p=16982"},"modified":"2025-09-18T16:03:37","modified_gmt":"2025-09-18T19:03:37","slug":"lula-sanciona-lei-contra-adultizacao-de-criancas-nas-redes","status":"publish","type":"post","link":"https:\/\/radiobanda1.com.br\/portal\/?p=16982","title":{"rendered":"Lula sanciona lei contra adultiza\u00e7\u00e3o de crian\u00e7as nas redes"},"content":{"rendered":"<p>O presidente Luiz In\u00e1cio Lula da Silva sancionou nesta quarta-feira (17), em cerim\u00f4nia no Pal\u00e1cio do Planalto, a lei que protege crian\u00e7as e adolescentes no ambiente digital, como redes sociais, aplicativos e jogos eletr\u00f4nicos.<\/p>\n<p>A proposta foi aprovada pelo Congresso Nacional no fim do m\u00eas passado e ficou conhecida como ECA Digital, em alus\u00e3o ao Estatuto da Crian\u00e7a e do Adolescente.<\/p>\n<p>Uma das novidades da lei \u00e9 a previs\u00e3o de que a fiscaliza\u00e7\u00e3o e puni\u00e7\u00e3o sejam feitas por uma autoridade nacional aut\u00f4noma, entidade da administra\u00e7\u00e3o p\u00fablica que ser\u00e1 respons\u00e1vel por zelar, editar regulamentos e procedimentos e fiscalizar o cumprimento da nova legisla\u00e7\u00e3o por partes das empresas de tecnologias digitais, incluindo redes sociais.<\/p>\n<p>Por causa disso, Lula tamb\u00e9m assinou, no mesmo evento, uma Medida Provis\u00f3ria (MP) que transforma a Autoridade Nacional de Prote\u00e7\u00e3o de Dados (ANPD) em ag\u00eancia reguladora com novas compet\u00eancias para o acompanhamento, a fiscaliza\u00e7\u00e3o e a san\u00e7\u00e3o sobre as obriga\u00e7\u00f5es previstas na nova legisla\u00e7\u00e3o.<\/p>\n<p>&#8220;Uma das MPs que estamos enviando para o Congresso transforma a Autoridade Nacional de Prote\u00e7\u00e3o de Dados em Ag\u00eancia Nacional de Prote\u00e7\u00e3o de Dados, com autonomia para proteger crian\u00e7as e adolescentes na internet&#8221;, destacou o presidente em discurso.<\/p>\n<p>O texto da MP, que ainda n\u00e3o foi divulgado, amplia o or\u00e7amento, cria nova estrutura administrativa, incluindo uma carreira espec\u00edfica de analista de n\u00edvel superior com novos cargos, que ser\u00e3o preenchidos por meio de concurso p\u00fablico da nova ag\u00eancia, que tamb\u00e9m passa a ser pelas previs\u00f5es da lei das ag\u00eancias reguladoras.<\/p>\n<p>Com validade imediata, a MP que transforma a ANPD em ag\u00eancia reguladora precisar\u00e1 ser aprovada pelo Congresso Nacional em at\u00e9 120 dias.<\/p>\n<p>ECA Digital<br \/>\nAgora sancionado, o ECA Digital passa a ser Lei Federal 15.211\/2025. O texto obriga as plataformas digitais a tomarem medidas &#8220;razo\u00e1veis&#8221; para prevenir riscos de crian\u00e7as e adolescentes acessarem conte\u00fados ilegais ou considerados impr\u00f3prios para essas faixas et\u00e1rias, como explora\u00e7\u00e3o e abuso sexual, viol\u00eancia f\u00edsica, intimida\u00e7\u00e3o, ass\u00e9dio, promo\u00e7\u00e3o e comercializa\u00e7\u00e3o de jogos de azar, pr\u00e1ticas publicit\u00e1rias predat\u00f3rias e enganosas, entre outros crimes.<\/p>\n<p>Al\u00e9m disso, a lei prev\u00ea regras para supervis\u00e3o dos pais e respons\u00e1veis e exige mecanismos mais confi\u00e1veis para verifica\u00e7\u00e3o da idade dos usu\u00e1rios de redes sociais, o que atualmente \u00e9 feito basicamente por autodeclara\u00e7\u00e3o.<\/p>\n<p>A norma ainda disciplina o uso de publicidade; a coleta e o tratamento de dados pessoais de crian\u00e7as e adolescentes e estabelece regras para jogos eletr\u00f4nicos, veda \u00e0 exposi\u00e7\u00e3o a jogos de azar.<\/p>\n<p>&#8220;Passados 35 anos desde a san\u00e7\u00e3o do Estatuto da Crian\u00e7a e Adolescente original, o mundo mudou muito. Computadores se popularizaram, surgiram os smartphones. A internet entrou em nossas casas e a redes digitais est\u00e3o presentes na vida de milh\u00f5es de brasileiros e brasileiras. Era preciso modernizar os marcos legais e regulat\u00f3rios no que diz respeito \u00e0 prote\u00e7\u00e3o de crian\u00e7as e adolescentes&#8221;, disse Lula.<\/p>\n<p>O presidente defendeu que a lei coloca o Brasil em uma seleta lista de pa\u00edses que avan\u00e7aram na cria\u00e7\u00e3o de dispositivos legais para a prote\u00e7\u00e3o de adolescentes no meio digital.<\/p>\n<p>&#8220;A partir de hoje, o Brasil tem a honra de se juntar a esse grupo de pa\u00edses. A liberdade de express\u00e3o \u00e9 um valor inegoci\u00e1vel, mas n\u00e3o pode servir de desculpa para a pr\u00e1tica de crimes no mundo digital&#8221;, refor\u00e7ou.<\/p>\n<p>Para Lula, \u00e9 ineg\u00e1vel a import\u00e2ncia das redes digitais, que colaboram com micro e pequenos empreendedores e s\u00e3o alternativa de trabalho para milh\u00f5es de pessoas, mas que n\u00e3o podem estar acima da lei.<\/p>\n<p>Fonte:portalcantu.com.br<\/p>\n","protected":false},"excerpt":{"rendered":"<p>O presidente Luiz In\u00e1cio Lula da Silva sancionou nesta quarta-feira (17), em cerim\u00f4nia no Pal\u00e1cio do Planalto, a lei que protege crian\u00e7as e adolescentes no ambiente digital, como redes sociais, aplicativos e jogos eletr\u00f4nicos. A proposta foi aprovada pelo Congresso Nacional no fim do m\u00eas [&hellip;]<\/p>\n","protected":false},"author":4,"featured_media":16983,"comment_status":"open","ping_status":"open","sticky":false,"template":"","format":"standard","meta":[],"categories":[582],"tags":[664],"_links":{"self":[{"href":"https:\/\/radiobanda1.com.br\/portal\/index.php?rest_route=\/wp\/v2\/posts\/16982"}],"collection":[{"href":"https:\/\/radiobanda1.com.br\/portal\/index.php?rest_route=\/wp\/v2\/posts"}],"about":[{"href":"https:\/\/radiobanda1.com.br\/portal\/index.php?rest_route=\/wp\/v2\/types\/post"}],"author":[{"embeddable":true,"href":"https:\/\/radiobanda1.com.br\/portal\/index.php?rest_route=\/wp\/v2\/users\/4"}],"replies":[{"embeddable":true,"href":"https:\/\/radiobanda1.com.br\/portal\/index.php?rest_route=%2Fwp%2Fv2%2Fcomments&post=16982"}],"version-history":[{"count":1,"href":"https:\/\/radiobanda1.com.br\/portal\/index.php?rest_route=\/wp\/v2\/posts\/16982\/revisions"}],"predecessor-version":[{"id":16984,"href":"https:\/\/radiobanda1.com.br\/portal\/index.php?rest_route=\/wp\/v2\/posts\/16982\/revisions\/16984"}],"wp:featuredmedia":[{"embeddable":true,"href":"https:\/\/radiobanda1.com.br\/portal\/index.php?rest_route=\/wp\/v2\/media\/16983"}],"wp:attachment":[{"href":"https:\/\/radiobanda1.com.br\/portal\/index.php?rest_route=%2Fwp%2Fv2%2Fmedia&parent=16982"}],"wp:term":[{"taxonomy":"category","embeddable":true,"href":"https:\/\/radiobanda1.com.br\/portal\/index.php?rest_route=%2Fwp%2Fv2%2Fcategories&post=16982"},{"taxonomy":"post_tag","embeddable":true,"href":"https:\/\/radiobanda1.com.br\/portal\/index.php?rest_route=%2Fwp%2Fv2%2Ftags&post=16982"}],"curies":[{"name":"wp","href":"https:\/\/api.w.org\/{rel}","templated":true}]}}