{"id":16979,"date":"2025-09-18T16:01:04","date_gmt":"2025-09-18T19:01:04","guid":{"rendered":"https:\/\/radiobanda1.com.br\/portal\/?p=16979"},"modified":"2025-09-18T16:01:04","modified_gmt":"2025-09-18T19:01:04","slug":"semana-nacional-de-transito-debate-a-reducao-da-velocidade-nas-vias","status":"publish","type":"post","link":"https:\/\/radiobanda1.com.br\/portal\/?p=16979","title":{"rendered":"Semana Nacional de Tr\u00e2nsito debate a redu\u00e7\u00e3o da velocidade nas vias"},"content":{"rendered":"<p>Com o tema Desacelere, seu bem maior \u00e9 a vida, foi aberta oficialmente nessa quarta-feira (17) a Semana Nacional de Tr\u00e2nsito 2025, na sede do Minist\u00e9rio dos Transportes. A campanha \u00e9 promovida pelo Conselho Nacional de Tr\u00e2nsito e a Secretaria Nacional de Tr\u00e2nsito (Senatran), e tem como objetivo refor\u00e7ar atitudes mais humanas e respons\u00e1veis nas vias p\u00fablicas.<\/p>\n<p>O secret\u00e1rio Nacional de Tr\u00e2nsito, Adrualdo Cat\u00e3o, explicou que o tema desta edi\u00e7\u00e3o serve para provocar a reflex\u00e3o das autoridades locais sobre os limites de velocidade das vias.<\/p>\n<p>\u201cO tema deste ano, sobre desacelerar, est\u00e1 preocupado com uma quest\u00e3o muito importante, que \u00e9 um grande fator de risco para sinistros e mortes no tr\u00e2nsito, que \u00e9 o tema da gest\u00e3o das velocidades. A gente quer apontar para esse problema para que as autoridades, especialmente as autoridades locais, os gestores das vias, avaliem se a gest\u00e3o da velocidade daquelas vias est\u00e1 adequada para o uso que a gente faz delas\u201d.<\/p>\n<p>Adrualdo Cat\u00e3o tamb\u00e9m chama a aten\u00e7\u00e3o para as metas alcan\u00e7adas pela campanha. \u201cA Semana Nacional de Tr\u00e2nsito sempre gera resultados interessantes porque mobiliza n\u00e9, muita gente, e amplia esse debate. Ent\u00e3o o que a gente verifica na verdade \u00e9 que o resultado \u00e9 um resultado a longo prazo e que tende a levar a a\u00e7\u00f5es mais concretas relacionadas ao tema que foi definido\u201d.<\/p>\n<p>A Semana Nacional de Tr\u00e2nsito vai at\u00e9 o dia 25 de setembro. Como parte da campanha, o Detran do Distrito Federal e a Associa\u00e7\u00e3o Brasileira dos Fabricantes de Motocicletas, Ciclomotores, Motonetas, Bicicletas e Similares realizam a\u00e7\u00f5es educativas e interativas, no estacionamento da Funarte, em Bras\u00edlia, na quinta e sexta-feira.<\/p>\n<p> Fonte:portalcantu.com.br<\/p>\n","protected":false},"excerpt":{"rendered":"<p>Com o tema Desacelere, seu bem maior \u00e9 a vida, foi aberta oficialmente nessa quarta-feira (17) a Semana Nacional de Tr\u00e2nsito 2025, na sede do Minist\u00e9rio dos Transportes. A campanha \u00e9 promovida pelo Conselho Nacional de Tr\u00e2nsito e a Secretaria Nacional de Tr\u00e2nsito (Senatran), e [&hellip;]<\/p>\n","protected":false},"author":4,"featured_media":16980,"comment_status":"open","ping_status":"open","sticky":false,"template":"","format":"standard","meta":[],"categories":[582],"tags":[1026],"_links":{"self":[{"href":"https:\/\/radiobanda1.com.br\/portal\/index.php?rest_route=\/wp\/v2\/posts\/16979"}],"collection":[{"href":"https:\/\/radiobanda1.com.br\/portal\/index.php?rest_route=\/wp\/v2\/posts"}],"about":[{"href":"https:\/\/radiobanda1.com.br\/portal\/index.php?rest_route=\/wp\/v2\/types\/post"}],"author":[{"embeddable":true,"href":"https:\/\/radiobanda1.com.br\/portal\/index.php?rest_route=\/wp\/v2\/users\/4"}],"replies":[{"embeddable":true,"href":"https:\/\/radiobanda1.com.br\/portal\/index.php?rest_route=%2Fwp%2Fv2%2Fcomments&post=16979"}],"version-history":[{"count":1,"href":"https:\/\/radiobanda1.com.br\/portal\/index.php?rest_route=\/wp\/v2\/posts\/16979\/revisions"}],"predecessor-version":[{"id":16981,"href":"https:\/\/radiobanda1.com.br\/portal\/index.php?rest_route=\/wp\/v2\/posts\/16979\/revisions\/16981"}],"wp:featuredmedia":[{"embeddable":true,"href":"https:\/\/radiobanda1.com.br\/portal\/index.php?rest_route=\/wp\/v2\/media\/16980"}],"wp:attachment":[{"href":"https:\/\/radiobanda1.com.br\/portal\/index.php?rest_route=%2Fwp%2Fv2%2Fmedia&parent=16979"}],"wp:term":[{"taxonomy":"category","embeddable":true,"href":"https:\/\/radiobanda1.com.br\/portal\/index.php?rest_route=%2Fwp%2Fv2%2Fcategories&post=16979"},{"taxonomy":"post_tag","embeddable":true,"href":"https:\/\/radiobanda1.com.br\/portal\/index.php?rest_route=%2Fwp%2Fv2%2Ftags&post=16979"}],"curies":[{"name":"wp","href":"https:\/\/api.w.org\/{rel}","templated":true}]}}