{"id":16506,"date":"2025-07-17T14:09:12","date_gmt":"2025-07-17T17:09:12","guid":{"rendered":"https:\/\/radiobanda1.com.br\/portal\/?p=16506"},"modified":"2025-07-17T14:09:12","modified_gmt":"2025-07-17T17:09:12","slug":"aposentados-tem-ate-14-de-novembro-para-aderir-ao-plano-de-devolucao","status":"publish","type":"post","link":"https:\/\/radiobanda1.com.br\/portal\/?p=16506","title":{"rendered":"Aposentados t\u00eam at\u00e9 14 de novembro para aderir ao plano de devolu\u00e7\u00e3o"},"content":{"rendered":"<p>Os aposentados e pensionistas do Instituto Nacional do Seguro Social (INSS) que tiveram descontos indevidos por entidades associativas t\u00eam at\u00e9 o dia 14 de novembro para aderir ao acordo de devolu\u00e7\u00e3o dos recursos oferecido pelo governo federal.<\/p>\n<p>O benefici\u00e1rio que aderir \u00e0 proposta do Minist\u00e9rio da Previd\u00eancia Social vai come\u00e7ar a receber o pagamento dos valores descontados a partir do dia 24 de julho. Quem aderir ao acordo at\u00e9 segunda-feira, 21 de julho, j\u00e1 vai receber os valores na mesma semana.<\/p>\n<p>O acordo diz respeito aos valores descontados entre mar\u00e7o de 2020 e mar\u00e7o de 2025. Assim, o benefici\u00e1rio n\u00e3o precisa recorrer \u00e0 Justi\u00e7a. Para tanto, aqueles que foram lesados podem acessar ao aplicativo Meu INSS ou ir a uma ag\u00eancia dos Correios. A ades\u00e3o \u00e9 gratuita e n\u00e3o exige envio de documentos.<\/p>\n<p>Os recursos ser\u00e3o pagos aos pensionistas e aposentados que j\u00e1 questionaram os valores transferidos pelas associa\u00e7\u00f5es e, ap\u00f3s o prazo de 15 dias \u00fateis, n\u00e3o receberam retorno das entidades.<\/p>\n<p>O INSS recebeu cerca de 3,8 milh\u00f5es de contesta\u00e7\u00f5es, sendo que tr\u00eas milh\u00f5es delas n\u00e3o receberam respostas de seus questionamentos por parte das entidades.<\/p>\n<p>Os valores ser\u00e3o depositados na mesma conta onde o aposentado ou pensionista j\u00e1 recebe normalmente seu benef\u00edcio.<\/p>\n<p>A partir do dia 24, ser\u00e3o processados diversos lotes di\u00e1rios de recursos com os repasses de modo que todos aqueles prejudicados sejam ressarcidos.<\/p>\n<p>Os pensionistas e aposentados que ainda n\u00e3o contestaram os descontos ainda pode faz\u00ea-lo no aplicativo MEU INSS, pelo telefone 135, do Minist\u00e9rio da Previd\u00eancia Social, ou presencialmente nas ag\u00eancias dos Correios. <\/p>\n<p>O acordo de devolu\u00e7\u00e3o dos valores foi homologado pelo Supremo Tribunal Federal (STF), resultado de um acordo entre o Minist\u00e9rio da Previd\u00eancia Social, o INSS, a Advocacia-Geral da Uni\u00e3o (AGU), o Minist\u00e9rio P\u00fablico Federal (MPF) e o Conselho Federal da Ordem dos Advogados do Brasil (OAB).<\/p>\n<p> Fonte:portalcantu.com.br<\/p>\n","protected":false},"excerpt":{"rendered":"<p>Os aposentados e pensionistas do Instituto Nacional do Seguro Social (INSS) que tiveram descontos indevidos por entidades associativas t\u00eam at\u00e9 o dia 14 de novembro para aderir ao acordo de devolu\u00e7\u00e3o dos recursos oferecido pelo governo federal. O benefici\u00e1rio que aderir \u00e0 proposta do Minist\u00e9rio [&hellip;]<\/p>\n","protected":false},"author":4,"featured_media":16507,"comment_status":"open","ping_status":"open","sticky":false,"template":"","format":"standard","meta":[],"categories":[582],"tags":[664],"_links":{"self":[{"href":"https:\/\/radiobanda1.com.br\/portal\/index.php?rest_route=\/wp\/v2\/posts\/16506"}],"collection":[{"href":"https:\/\/radiobanda1.com.br\/portal\/index.php?rest_route=\/wp\/v2\/posts"}],"about":[{"href":"https:\/\/radiobanda1.com.br\/portal\/index.php?rest_route=\/wp\/v2\/types\/post"}],"author":[{"embeddable":true,"href":"https:\/\/radiobanda1.com.br\/portal\/index.php?rest_route=\/wp\/v2\/users\/4"}],"replies":[{"embeddable":true,"href":"https:\/\/radiobanda1.com.br\/portal\/index.php?rest_route=%2Fwp%2Fv2%2Fcomments&post=16506"}],"version-history":[{"count":1,"href":"https:\/\/radiobanda1.com.br\/portal\/index.php?rest_route=\/wp\/v2\/posts\/16506\/revisions"}],"predecessor-version":[{"id":16508,"href":"https:\/\/radiobanda1.com.br\/portal\/index.php?rest_route=\/wp\/v2\/posts\/16506\/revisions\/16508"}],"wp:featuredmedia":[{"embeddable":true,"href":"https:\/\/radiobanda1.com.br\/portal\/index.php?rest_route=\/wp\/v2\/media\/16507"}],"wp:attachment":[{"href":"https:\/\/radiobanda1.com.br\/portal\/index.php?rest_route=%2Fwp%2Fv2%2Fmedia&parent=16506"}],"wp:term":[{"taxonomy":"category","embeddable":true,"href":"https:\/\/radiobanda1.com.br\/portal\/index.php?rest_route=%2Fwp%2Fv2%2Fcategories&post=16506"},{"taxonomy":"post_tag","embeddable":true,"href":"https:\/\/radiobanda1.com.br\/portal\/index.php?rest_route=%2Fwp%2Fv2%2Ftags&post=16506"}],"curies":[{"name":"wp","href":"https:\/\/api.w.org\/{rel}","templated":true}]}}