{"id":16485,"date":"2025-07-15T16:07:12","date_gmt":"2025-07-15T19:07:12","guid":{"rendered":"https:\/\/radiobanda1.com.br\/portal\/?p=16485"},"modified":"2025-07-15T16:09:15","modified_gmt":"2025-07-15T19:09:15","slug":"caixa-libera-abono-salarial-para-nascidos-em-setembro-e-outubro","status":"publish","type":"post","link":"https:\/\/radiobanda1.com.br\/portal\/?p=16485","title":{"rendered":"Caixa libera abono salarial para nascidos em setembro e outubro"},"content":{"rendered":"<p>Cerca de 3,8 milh\u00f5es de trabalhadores com carteira assinada que ganham at\u00e9 dois sal\u00e1rios m\u00ednimos e nasceram em setembro e outubro podem sacar, a partir desta ter\u00e7a-feira (15), o valor do abono salarial do Programa de Integra\u00e7\u00e3o Social (PIS) e do Programa de Forma\u00e7\u00e3o do Patrim\u00f4nio do Servidor P\u00fablico (Pasep) em 2025 (ano-base 2023). A quantia est\u00e1 dispon\u00edvel no Portal Gov.br.<\/p>\n<p>Ao todo, a Caixa Econ\u00f4mica Federal liberar\u00e1 pouco mais de R$ 4,4 bilh\u00f5es neste m\u00eas. Aprovado no fim do ano passado, o calend\u00e1rio de libera\u00e7\u00f5es segue o m\u00eas de nascimento do trabalhador. Os pagamentos come\u00e7aram em 17 de fevereiro e v\u00e3o at\u00e9 15 de agosto. O trabalhador pode conferir a situa\u00e7\u00e3o do benef\u00edcio no aplicativo Carteira de Trabalho Digital.<\/p>\n<p>Neste ano, R$ 30,7 bilh\u00f5es poder\u00e3o ser sacados. Segundo o Conselho Deliberativo do Fundo de Amparo ao Trabalhador (Codefat), o abono salarial de 2025 ser\u00e1 pago a 25,8 milh\u00f5es de trabalhadores em todo o pa\u00eds. Desse total, cerca de 22 milh\u00f5es que trabalham na iniciativa privada receber\u00e3o o PIS e 3,8 milh\u00f5es de servidores p\u00fablicos, empregados de estatais e militares t\u00eam direito ao Pasep.<\/p>\n<p>O PIS \u00e9 pago pela Caixa Econ\u00f4mica Federal; e o Pasep, pelo Banco do Brasil (BB). Como ocorre tradicionalmente, os pagamentos ser\u00e3o divididos em seis lotes, baseados no m\u00eas de nascimento. Os saques ter\u00e3o in\u00edcio nas datas de libera\u00e7\u00e3o dos lotes e acabar\u00e3o em 29 de dezembro de 2025. Ap\u00f3s esse prazo, ser\u00e1 necess\u00e1rio aguardar convoca\u00e7\u00e3o especial do Minist\u00e9rio do Trabalho.<\/p>\n<p>Calend\u00e1rio de pagamento<br \/>\nNascidos em<\/p>\n<p>Recebem a partir de<\/p>\n<p>Janeiro<\/p>\n<p>17 de fevereiro<\/p>\n<p>Fevereiro<\/p>\n<p>17 de mar\u00e7o<\/p>\n<p>Mar\u00e7o e Abril<\/p>\n<p>15 de abril<\/p>\n<p>Maio e Junho<br \/>\n15 de maio<\/p>\n<p>Julho e Agosto<\/p>\n<p>16 de junho<\/p>\n<p>Setembro e Outubro<\/p>\n<p>15 de julho<\/p>\n<p>Novembro e Dezembro<\/p>\n<p>15 de agosto<\/p>\n<p>Quem tem direito<br \/>\nTem direito ao benef\u00edcio o trabalhador inscrito no PIS\/Pasep h\u00e1, pelo menos, cinco anos, e que tenha trabalhado formalmente por, no m\u00ednimo, 30 dias no ano-base considerado para a apura\u00e7\u00e3o, com remunera\u00e7\u00e3o mensal m\u00e9dia de at\u00e9 dois sal\u00e1rios m\u00ednimos. Tamb\u00e9m \u00e9 necess\u00e1rio que os dados tenham sido informados corretamente pelo empregador na Rela\u00e7\u00e3o Anual de Informa\u00e7\u00f5es Sociais (Rais).<\/p>\n<p>O valor do abono \u00e9 proporcional ao per\u00edodo em que o empregado trabalhou com carteira assinada em 2023. Cada m\u00eas trabalhado equivale a um benef\u00edcio de R$ 126,50, com per\u00edodos iguais ou superiores a 15 dias contados como m\u00eas cheio. Quem trabalhou 12 meses com carteira assinada receber\u00e1 o sal\u00e1rio m\u00ednimo cheio, de R$ 1.518.<\/p>\n<p>O abono salarial n\u00e3o se confunde com as cotas do antigo Fundo PIS\/Pasep, que podem ser sacadas por meio de outra plataforma, lan\u00e7ada em mar\u00e7o deste ano. O antigo fundo abriga cotas de cerca de 10,5 milh\u00f5es de pessoas que tinham empregos formais antes da Constitui\u00e7\u00e3o de 1988. O abono salarial beneficia trabalhadores com carteira assinada ap\u00f3s a Constitui\u00e7\u00e3o de 1988, com recursos do Fundo de Amparo ao Trabalhador (FAT).<\/p>\n<p>Pagamento<br \/>\nTrabalhadores da iniciativa privada com conta corrente ou poupan\u00e7a na Caixa receber\u00e3o o cr\u00e9dito automaticamente no banco, de acordo com o m\u00eas de seu nascimento.<\/p>\n<p>Os demais benefici\u00e1rios receber\u00e3o os valores por meio da poupan\u00e7a social digital, que pode ser movimentada pelo aplicativo Caixa Tem. Caso n\u00e3o seja poss\u00edvel a abertura da conta digital, o saque poder\u00e1 ser realizado com o Cart\u00e3o do Cidad\u00e3o e senha nos terminais de autoatendimento, unidades lot\u00e9ricas, Caixa Aqui ou ag\u00eancias, tamb\u00e9m de acordo com o calend\u00e1rio de pagamento escalonado por m\u00eas de nascimento.<\/p>\n<p>O pagamento do abono do Pasep ocorre via cr\u00e9dito em conta para quem \u00e9 correntista ou tem poupan\u00e7a no Banco do Brasil. O trabalhador que n\u00e3o \u00e9 correntista do BB pode efetuar a transfer\u00eancia via TED para conta de sua titularidade via terminais de autoatendimento, portal na internet ou no guich\u00ea de caixa das ag\u00eancias, mediante apresenta\u00e7\u00e3o de documento oficial de identidade.<\/p>\n<p>Quem n\u00e3o \u00e9 correntista da Caixa ou do Banco do Brasil e tem direito ao benef\u00edcio tamb\u00e9m pode sacar o valor por meio do Portal Gov.br, no servi\u00e7o Receber o abono salarial, mas \u00e9 necess\u00e1rio ter conta prata ou ouro.<br \/>\nFonte:portalcantu.com.br<\/p>\n","protected":false},"excerpt":{"rendered":"<p>Cerca de 3,8 milh\u00f5es de trabalhadores com carteira assinada que ganham at\u00e9 dois sal\u00e1rios m\u00ednimos e nasceram em setembro e outubro podem sacar, a partir desta ter\u00e7a-feira (15), o valor do abono salarial do Programa de Integra\u00e7\u00e3o Social (PIS) e do Programa de Forma\u00e7\u00e3o do [&hellip;]<\/p>\n","protected":false},"author":4,"featured_media":16488,"comment_status":"open","ping_status":"open","sticky":false,"template":"","format":"standard","meta":[],"categories":[582],"tags":[1026],"_links":{"self":[{"href":"https:\/\/radiobanda1.com.br\/portal\/index.php?rest_route=\/wp\/v2\/posts\/16485"}],"collection":[{"href":"https:\/\/radiobanda1.com.br\/portal\/index.php?rest_route=\/wp\/v2\/posts"}],"about":[{"href":"https:\/\/radiobanda1.com.br\/portal\/index.php?rest_route=\/wp\/v2\/types\/post"}],"author":[{"embeddable":true,"href":"https:\/\/radiobanda1.com.br\/portal\/index.php?rest_route=\/wp\/v2\/users\/4"}],"replies":[{"embeddable":true,"href":"https:\/\/radiobanda1.com.br\/portal\/index.php?rest_route=%2Fwp%2Fv2%2Fcomments&post=16485"}],"version-history":[{"count":1,"href":"https:\/\/radiobanda1.com.br\/portal\/index.php?rest_route=\/wp\/v2\/posts\/16485\/revisions"}],"predecessor-version":[{"id":16487,"href":"https:\/\/radiobanda1.com.br\/portal\/index.php?rest_route=\/wp\/v2\/posts\/16485\/revisions\/16487"}],"wp:featuredmedia":[{"embeddable":true,"href":"https:\/\/radiobanda1.com.br\/portal\/index.php?rest_route=\/wp\/v2\/media\/16488"}],"wp:attachment":[{"href":"https:\/\/radiobanda1.com.br\/portal\/index.php?rest_route=%2Fwp%2Fv2%2Fmedia&parent=16485"}],"wp:term":[{"taxonomy":"category","embeddable":true,"href":"https:\/\/radiobanda1.com.br\/portal\/index.php?rest_route=%2Fwp%2Fv2%2Fcategories&post=16485"},{"taxonomy":"post_tag","embeddable":true,"href":"https:\/\/radiobanda1.com.br\/portal\/index.php?rest_route=%2Fwp%2Fv2%2Ftags&post=16485"}],"curies":[{"name":"wp","href":"https:\/\/api.w.org\/{rel}","templated":true}]}}