{"id":16403,"date":"2025-06-25T12:03:30","date_gmt":"2025-06-25T15:03:30","guid":{"rendered":"https:\/\/radiobanda1.com.br\/portal\/?p=16403"},"modified":"2025-06-25T12:03:30","modified_gmt":"2025-06-25T15:03:30","slug":"queda-de-idosos-pode-ter-consequencias-graves-alertam-especialistas","status":"publish","type":"post","link":"https:\/\/radiobanda1.com.br\/portal\/?p=16403","title":{"rendered":"Queda de idosos pode ter consequ\u00eancias graves, alertam especialistas"},"content":{"rendered":"<p>Cerca de 62 mil interna\u00e7\u00f5es de idosos foram registradas nos primeiros quatro meses deste ano no Brasil, ap\u00f3s epis\u00f3dios de queda. Al\u00e9m disso, os atendimentos ambulatoriais &#8211; sem necessidade de interna\u00e7\u00e3o &#8211; passaram de 67 mil.<\/p>\n<p>Ao longo de todo o ano de 2024, houve mais de 344 mil atendimentos ou hospitaliza\u00e7\u00f5es. Ao mesmo tempo, 13.385 idosos n\u00e3o resistiram aos ferimentos causados por quedas. <\/p>\n<p>Os dados do Minist\u00e9rio da Sa\u00fade mostram a dimens\u00e3o do problema e refor\u00e7am o alerta deste dia 24 de junho, escolhido como Dia Mundial de Preven\u00e7\u00e3o de Quedas pela Organiza\u00e7\u00e3o Mundial da Sa\u00fade &#8211; OMS. <\/p>\n<p>\u201cAs quedas representam um risco muito mais grave para pessoas idosas porque, al\u00e9m da maior fragilidade \u00f3ssea, com maior propens\u00e3o a fraturas, como as de quadril, o tempo de recupera\u00e7\u00e3o \u00e9 mais longo e, muitas vezes, pode comprometer de forma definitiva a mobilidade, a independ\u00eancia e a qualidade de vida\u201d, explica a especialista em gerontologia Nubia Queiroz. <\/p>\n<p>Fratura do quadril<\/p>\n<p>Uma das consequ\u00eancias frequentes mais preocupantes das quedas \u00e9 a fratura no quadril, pois, al\u00e9m da les\u00e3o \u00f3ssea, pode levar a complica\u00e7\u00f5es como infec\u00e7\u00f5es, trombose e pneumonia, elevando o risco de mortalidade, alerta o presidente da Sociedade Brasileira de Trauma Ortop\u00e9dico (SBTO), Robinson Esteves.<\/p>\n<p>Al\u00e9m dos efeitos f\u00edsicos, muitos idosos ficam com medo de cair novamente ap\u00f3s um epis\u00f3dio e, por isso, passam a reduzir suas atividades f\u00edsicas e sociais, acrescenta N\u00fabia. Segundo essa especialista, os exerc\u00edcios f\u00edsicos s\u00e3o grandes aliados da preven\u00e7\u00e3o \u00e0s quedas por favorecer o equil\u00edbrio, a for\u00e7a muscular e a flexibilidade.<\/p>\n<p>N\u00fabia tamb\u00e9m ressalta a import\u00e2ncia de adaptar o ambiente dom\u00e9stico conforme a idade vai aumentando: \u201cretirar tapetes soltos, instalar barras de apoio em banheiros, melhorar a ilumina\u00e7\u00e3o e eliminar obst\u00e1culos nos caminhos\u201d.<\/p>\n<p>Tamb\u00e9m \u00e9 essencial manter acompanhamento m\u00e9dico e ter cuidado redobrado com medicamentos que podem causar tonturas ou outros efeitos semelhantes. <\/p>\n<p>Muitas fam\u00edlias tamb\u00e9m t\u00eam recorrido a servi\u00e7os de teleassist\u00eancia, como os sistemas de bot\u00e3o de emerg\u00eancia que o idoso pode acionar caso tenha alguma emerg\u00eancia.<\/p>\n<p>Pedidos de ajuda<br \/>\nA m\u00e9dica coordena a Central de Atendimento 24 horas da empresa TeleHelp e diz que &#8211; de janeiro a maio deste ano &#8211; as quedas se tornaram a principal ocorr\u00eancia registrada entre os pacientes. Os pedidos de ajuda subiram de 16% para 23%. Os dados da empresa mostram ainda que a maior parte dos acidentes ocorre no quarto ou no banheiro.<\/p>\n<p>Ela acrescenta que essas ferramentas s\u00e3o uma op\u00e7\u00e3o para que os idosos n\u00e3o precisem mudar suas rotinas por causa do risco de quedas. \u201cA autonomia e a independ\u00eancia s\u00e3o fundamentais para o envelhecimento saud\u00e1vel, pois influenciam diretamente o bem-estar emocional, a autoestima e a qualidade de vida\u201d, complementa a especialista em gerontologia. <\/p>\n<p>O presidente da Sociedade Brasileira de Trauma Ortop\u00e9dico, Robinson Esteves, alerta que nenhum epis\u00f3dio de queda entre idosos pode ser minimizado.<\/p>\n<p> \u201cAs quedas em idosos representam um dos maiores desafios para a sa\u00fade p\u00fablica atualmente, em raz\u00e3o das graves consequ\u00eancias para a qualidade de vida dessa popula\u00e7\u00e3o. Mesmo quando a queda parece simples, os riscos de complica\u00e7\u00f5es s\u00e3o altos, principalmente entre os mais velhos. Por isso, todo cuidado \u00e9 pouco, tanto na preven\u00e7\u00e3o quanto no atendimento imediato\u201d, salienta.<\/p>\n<p>Esteves recomenda que mesmo os casos aparentemente leves devem ser monitorados e o idoso deve ser levado ao servi\u00e7o de sa\u00fade caso apresente hematomas, dificuldade de movimenta\u00e7\u00e3o ou dores. Epis\u00f3dios com perda de consci\u00eancia ou suspeita de fratura exigem socorro m\u00e9dico imediato.<\/p>\n<p> Fonte:portalcantu.com.br<\/p>\n","protected":false},"excerpt":{"rendered":"<p>Cerca de 62 mil interna\u00e7\u00f5es de idosos foram registradas nos primeiros quatro meses deste ano no Brasil, ap\u00f3s epis\u00f3dios de queda. Al\u00e9m disso, os atendimentos ambulatoriais &#8211; sem necessidade de interna\u00e7\u00e3o &#8211; passaram de 67 mil. Ao longo de todo o ano de 2024, houve [&hellip;]<\/p>\n","protected":false},"author":4,"featured_media":16404,"comment_status":"open","ping_status":"open","sticky":false,"template":"","format":"standard","meta":[],"categories":[582],"tags":[664],"_links":{"self":[{"href":"https:\/\/radiobanda1.com.br\/portal\/index.php?rest_route=\/wp\/v2\/posts\/16403"}],"collection":[{"href":"https:\/\/radiobanda1.com.br\/portal\/index.php?rest_route=\/wp\/v2\/posts"}],"about":[{"href":"https:\/\/radiobanda1.com.br\/portal\/index.php?rest_route=\/wp\/v2\/types\/post"}],"author":[{"embeddable":true,"href":"https:\/\/radiobanda1.com.br\/portal\/index.php?rest_route=\/wp\/v2\/users\/4"}],"replies":[{"embeddable":true,"href":"https:\/\/radiobanda1.com.br\/portal\/index.php?rest_route=%2Fwp%2Fv2%2Fcomments&post=16403"}],"version-history":[{"count":1,"href":"https:\/\/radiobanda1.com.br\/portal\/index.php?rest_route=\/wp\/v2\/posts\/16403\/revisions"}],"predecessor-version":[{"id":16405,"href":"https:\/\/radiobanda1.com.br\/portal\/index.php?rest_route=\/wp\/v2\/posts\/16403\/revisions\/16405"}],"wp:featuredmedia":[{"embeddable":true,"href":"https:\/\/radiobanda1.com.br\/portal\/index.php?rest_route=\/wp\/v2\/media\/16404"}],"wp:attachment":[{"href":"https:\/\/radiobanda1.com.br\/portal\/index.php?rest_route=%2Fwp%2Fv2%2Fmedia&parent=16403"}],"wp:term":[{"taxonomy":"category","embeddable":true,"href":"https:\/\/radiobanda1.com.br\/portal\/index.php?rest_route=%2Fwp%2Fv2%2Fcategories&post=16403"},{"taxonomy":"post_tag","embeddable":true,"href":"https:\/\/radiobanda1.com.br\/portal\/index.php?rest_route=%2Fwp%2Fv2%2Ftags&post=16403"}],"curies":[{"name":"wp","href":"https:\/\/api.w.org\/{rel}","templated":true}]}}