{"id":16354,"date":"2025-06-13T16:21:58","date_gmt":"2025-06-13T19:21:58","guid":{"rendered":"https:\/\/radiobanda1.com.br\/portal\/?p=16354"},"modified":"2025-06-13T16:21:58","modified_gmt":"2025-06-13T19:21:58","slug":"aviso-de-temporais-fim-de-semana-sera-chuvoso-no-parana","status":"publish","type":"post","link":"https:\/\/radiobanda1.com.br\/portal\/?p=16354","title":{"rendered":"Aviso de temporais: fim de semana ser\u00e1 chuvoso no Paran\u00e1"},"content":{"rendered":"<p>Ap\u00f3s mais uma semana gelada de outono, o Paran\u00e1 deve enfrentar um fim de semana de temporais. Segundo o Sistema de Tecnologia e Monitoramento Ambiental do Paran\u00e1 (Simepar), desta vez, entretanto, a chuva n\u00e3o far\u00e1 a temperatura cair, mas sim trar\u00e1 dias de temperaturas mais amenas.<\/p>\n<p>A massa de ar polar que atingiu o Estado ainda est\u00e1 presente nesta sexta-feira (13), por\u00e9m de forma menos intensa. N\u00e3o foram registrados recordes de temperatura m\u00ednima como ocorreu na quarta e na quinta-feira em algumas cidades paranaenses. As temperaturas m\u00ednimas desta sexta ficaram abaixo dos 10\u00b0C principalmente nas regi\u00f5es dos Campos Gerais, Centro-Sul e Regi\u00e3o Metropolitana de Curitiba, e entre 10\u00b0C e 12\u00b0C no Litoral, Oeste e Noroeste do Estado.<\/p>\n<p>A situa\u00e7\u00e3o muda a partir de s\u00e1bado (14). \u201cO deslocamento de uma frente fria pelo oceano na altura do Sul do pa\u00eds traz as chuvas novamente para as regi\u00f5es paranaenses. Deveremos ter, a partir do final da manh\u00e3 e tamb\u00e9m no per\u00edodo da tarde, as pancadas de chuvas acompanhadas de trovoadas e tamb\u00e9m com possibilidade de ventos fortes, principalmente nas regi\u00f5es Oeste, Sudoeste e Noroeste do Estado\u201d, explica Paulo Barbieri, meteorologista do Simepar.<\/p>\n<p>Na tarde de s\u00e1bado a instabilidade avan\u00e7a para outras regi\u00f5es que tamb\u00e9m podem registrar temporais localizados entre a tarde e a noite, como \u00e9 o caso do Norte e Campos Gerais. N\u00e3o s\u00e3o descartados temporais tamb\u00e9m na regi\u00e3o Leste do Paran\u00e1. Para o domingo, a instabilidade segue atuando. \u201cEntre a madrugada e a manh\u00e3 do domingo podem ocorrer pancadas de chuvas fortes e acompanhadas de descargas el\u00e9tricas entre as regi\u00f5es dos Campos Gerais, Norte e Leste do Paran\u00e1\u201d, ressalta Barbieri.<\/p>\n<p>Na tarde do domingo a chuva perde for\u00e7a devido ao deslocamento da frente fria para o oceano. \u201cDeveremos ter a diminui\u00e7\u00e3o das chuvas no per\u00edodo da tarde do domingo, mas ainda ser\u00e3o registradas chuvas de intensidades mais fracas, principalmente nas regi\u00f5es do Norte do Estado que fazem divisa com o estado de S\u00e3o Paulo\u201d, detalha Barbieri.<\/p>\n<p>Na pr\u00f3xima semana o tempo fica inst\u00e1vel, por\u00e9m com temperaturas n\u00e3o t\u00e3o baixas quanto as dessa semana. \u201c\u00c1reas de instabilidades avan\u00e7am do Paraguai em dire\u00e7\u00e3o as regi\u00f5es Oeste, Sudoeste e Centro-Sul, com pancadas de chuvas acompanhadas de descargas el\u00e9tricas, principalmente nas \u00e1reas pr\u00f3ximas a divisa com Santa Catarina\u201d, explica Barbieri.<\/p>\n<p>SIMEPAR \u2013 Com uma estrutura de 120 esta\u00e7\u00f5es meteorol\u00f3gicas telem\u00e9tricas autom\u00e1ticas, tr\u00eas radares meteorol\u00f3gicos e cinco sensores de descargas meteorol\u00f3gicas, o Simepar \u00e9 respons\u00e1vel por fornecer dados meteorol\u00f3gicos para \u00f3rg\u00e3os como a Coordenadoria da Defesa Civil e a Secretaria do Desenvolvimento Sustent\u00e1vel, de modo a facilitar a\u00e7\u00f5es de resposta a situa\u00e7\u00f5es extremas. S\u00e3o monitoradas desde situa\u00e7\u00f5es causadas por chuvas extremas, como enxurradas, deslizamentos e alagamentos, at\u00e9 inc\u00eandios e secas.<\/p>\n<p>Dados mais detalhados da previs\u00e3o do tempo para os 399 munic\u00edpios paranaenses est\u00e3o dispon\u00edveis no site www.simepar.br. A previs\u00e3o tem duas atualiza\u00e7\u00f5es di\u00e1rias. Para cada cidade \u00e9 poss\u00edvel saber o quanto deve chover, temperaturas m\u00ednimas e m\u00e1ximas previstas, umidade relativa do ar e vento, com detalhamento por hora para a data e o dia seguinte.<\/p>\n<p> Fonte:portalcantu.com.br<\/p>\n","protected":false},"excerpt":{"rendered":"<p>Ap\u00f3s mais uma semana gelada de outono, o Paran\u00e1 deve enfrentar um fim de semana de temporais. Segundo o Sistema de Tecnologia e Monitoramento Ambiental do Paran\u00e1 (Simepar), desta vez, entretanto, a chuva n\u00e3o far\u00e1 a temperatura cair, mas sim trar\u00e1 dias de temperaturas mais [&hellip;]<\/p>\n","protected":false},"author":4,"featured_media":16355,"comment_status":"open","ping_status":"open","sticky":false,"template":"","format":"standard","meta":[],"categories":[582],"tags":[1026],"_links":{"self":[{"href":"https:\/\/radiobanda1.com.br\/portal\/index.php?rest_route=\/wp\/v2\/posts\/16354"}],"collection":[{"href":"https:\/\/radiobanda1.com.br\/portal\/index.php?rest_route=\/wp\/v2\/posts"}],"about":[{"href":"https:\/\/radiobanda1.com.br\/portal\/index.php?rest_route=\/wp\/v2\/types\/post"}],"author":[{"embeddable":true,"href":"https:\/\/radiobanda1.com.br\/portal\/index.php?rest_route=\/wp\/v2\/users\/4"}],"replies":[{"embeddable":true,"href":"https:\/\/radiobanda1.com.br\/portal\/index.php?rest_route=%2Fwp%2Fv2%2Fcomments&post=16354"}],"version-history":[{"count":1,"href":"https:\/\/radiobanda1.com.br\/portal\/index.php?rest_route=\/wp\/v2\/posts\/16354\/revisions"}],"predecessor-version":[{"id":16356,"href":"https:\/\/radiobanda1.com.br\/portal\/index.php?rest_route=\/wp\/v2\/posts\/16354\/revisions\/16356"}],"wp:featuredmedia":[{"embeddable":true,"href":"https:\/\/radiobanda1.com.br\/portal\/index.php?rest_route=\/wp\/v2\/media\/16355"}],"wp:attachment":[{"href":"https:\/\/radiobanda1.com.br\/portal\/index.php?rest_route=%2Fwp%2Fv2%2Fmedia&parent=16354"}],"wp:term":[{"taxonomy":"category","embeddable":true,"href":"https:\/\/radiobanda1.com.br\/portal\/index.php?rest_route=%2Fwp%2Fv2%2Fcategories&post=16354"},{"taxonomy":"post_tag","embeddable":true,"href":"https:\/\/radiobanda1.com.br\/portal\/index.php?rest_route=%2Fwp%2Fv2%2Ftags&post=16354"}],"curies":[{"name":"wp","href":"https:\/\/api.w.org\/{rel}","templated":true}]}}